{"id":4132,"date":"2026-09-04T17:52:42","date_gmt":"2026-09-04T17:52:42","guid":{"rendered":"https:\/\/buensonido.cl\/?p=4132"},"modified":"2026-09-04T17:52:44","modified_gmt":"2026-09-04T17:52:44","slug":"el-festival-de-fotografia-contemporanea-que-te-invita-a-detenerte-a-observar-la-ciudad","status":"publish","type":"post","link":"https:\/\/buensonido.cl\/?p=4132","title":{"rendered":"El Festival de Fotograf\u00eda Contempor\u00e1nea que te invita a detenerte a observar la ciudad"},"content":{"rendered":"\n<p class=\"wp-block-paragraph\">Por Amanda Villaseca Felip<\/p>\n\n\n\n<p class=\"wp-block-paragraph\">El Gran Concepci\u00f3n se volvi\u00f3 el anfitri\u00f3n del primer Festival Internacional de Fotograf\u00eda Contempor\u00e1nea, FEFCO. <br><\/p>\n\n\n\n<p class=\"wp-block-paragraph\">Desde el 1 al 5 de septiembre se vivir\u00e1n largas jornadas de workshops, talleres, conversatorios, entre otras actividades destinadas a que la fotograf\u00eda dialogue con la comunidad. La misi\u00f3n es que durante esos cinco d\u00edas la luz est\u00e9 puesta sobre la ciudad, con ello se busca reforzar la imagen de nuestro territorio con los ojos de la comunidad fotogr\u00e1fica a nivel nacional e internacional.<\/p>\n\n\n\n<p class=\"wp-block-paragraph\">Una invitaci\u00f3n a la reflexi\u00f3n en torno a la elecci\u00f3n de las im\u00e1genes que mostramos al mundo y las que no. \u201cEs un momento para pensar cu\u00e1les son aquellos par\u00e1metros est\u00e9ticos que est\u00e1n teniendo la hegemon\u00eda hoy en d\u00eda y que le est\u00e9 quitando visibilidad a otro tipo de im\u00e1genes\u201d, reflexion\u00f3 Daniel Araneda, director general del festival. El mayor inter\u00e9s de la organizaci\u00f3n tras este evento es que la audiencia lo disfrute, que aprendan cosas nuevas y se permita experimentar a trav\u00e9s de las distintas actividades que disponen en su programaci\u00f3n.<\/p>\n\n\n\n<p class=\"wp-block-paragraph\">\u201cEste es un festival que pretendemos que crezca de manera espiral, que todos los a\u00f1os se sumen fuerzas\u201d se\u00f1al\u00f3 Daniel, haciendo hincapi\u00e9 en que esta primera edici\u00f3n es un regalo para la comunidad creativa, los artistas visuales y fot\u00f3grafos de la ciudad, para que se conozcan entre colegas. Asimismo, se volvi\u00f3 una ayuda para las instituciones dedicadas a la formaci\u00f3n, pues en el festival se da un lugar a sus estudiantes para mostrar lo que est\u00e1n haciendo. Concepci\u00f3n no ten\u00eda ning\u00fan encuentro dedicado a la fotograf\u00eda y ahora lo tiene, impulsado por Al Sur del Atardecer, \u00e1rea de formaci\u00f3n de La Ratonera Ediciones.<\/p>\n\n\n\n<p class=\"wp-block-paragraph\">Sobre los desaf\u00edos de realizar este encuentro, el director indic\u00f3 que este tipo de instancias no cuentan con el apoyo que se esperar\u00eda, m\u00e1s bien ha sido una dificultad con la que han batallado por m\u00e1s de 10 a\u00f1os, seg\u00fan explica si nunca se lider\u00f3 por ninguna casa de estudios o instituci\u00f3n, es porque hay una falta de apoyo, tanto a nivel econ\u00f3mico como de espacio. Sin embargo, gracias al amplio nivel de convocatoria que han tenido hasta el momento, conf\u00edan desde la organizaci\u00f3n en que este evento se vuelva popular en la ciudad y en toda la regi\u00f3n del Biob\u00edo, \u201cQueremos que la fotograf\u00eda se difunda, queremos que las artes visuales se apoderen de nuestra ciudad y tambi\u00e9n queremos que obviamente la comunidad sea parte de cada una de estas instancias\u201d declar\u00f3 Daniel.<\/p>\n\n\n\n<p class=\"wp-block-paragraph\">Entre todas las actividades en la cartelera destac\u00f3 la exposici\u00f3n llamada \u201cMal de ojo\u201d la cual reuni\u00f3 a autores locales del Biob\u00edo, realizada el primer d\u00eda del festival en Casa Minga. Lara Meg\u00edas, una de las expositoras locales de la muestra fotogr\u00e1fica present\u00f3 una serie de fotograf\u00edas an\u00e1logas de estudio. En ellas, busc\u00f3 representar la vulnerabilidad del cuerpo humano, el miedo y la p\u00e9rdida de identidad, \u201cTambi\u00e9n juego siempre con la exposici\u00f3n, dejando que la oscuridad cubra gran parte, te lleva a forzar un poco el ojo para buscar detalles, te obliga a detenerte y a imaginar\u201d, indic\u00f3. Ese recurso resulta interesante, pues Lara se\u00f1al\u00f3 que esta serie de im\u00e1genes fue de las primeras que revel\u00f3 por sus propios medios y recursos, con el menor cuidado posible, dejando ver marcas y rayones y a\u00fan as\u00ed se mantuvo sin perder los detalles que se ven debajo de la tela de la c\u00e1mara.<\/p>\n\n\n\n<p class=\"wp-block-paragraph\">Sobre aquello, una propuesta an\u00e1loga llama la atenci\u00f3n en un mundo que pr\u00e1cticamente funciona con lo digital en su totalidad con el crecimiento exponencial de las redes sociales. El consumir im\u00e1genes todo el tiempo, y tener la posibilidad de producirlas nos podr\u00eda llevar a perder la capacidad de detenerse a reflexionar para qu\u00e9 lo estamos haciendo. En ese sentido, el festival busc\u00f3 generar un momento para detenerse en ese mar de im\u00e1genes que consumimos a diario, para que nos detengamos a reflexionar, \u201ces importante que nos dediquemos a reflexionar el porqu\u00e9 lo estamos haciendo, qu\u00e9 queremos provocar con aquello. Y este tipo de encuentro, m\u00e1s que producir obras geniales, nos da la posibilidad de que reflexionemos\u201d declar\u00f3 Daniel.<\/p>\n\n\n\n<p class=\"wp-block-paragraph\">Con la intenci\u00f3n de que la fotograf\u00eda se difunda, que las artes visuales se apoderen de la ciudad de Concepci\u00f3n, se realizaron estas jornadas para que la comunidad fotogr\u00e1fica se una y se abran nuevos caminos en cuanto a la reflexi\u00f3n de sus obras. As\u00ed lo se\u00f1al\u00f3 Lara, quien valora instancias como las del festival, \u201cEntenderse en colectivo se convierte en impulso y ese impulso es resistencia\u201d, expres\u00f3, llegando a la conclusi\u00f3n de que es importante dejar la individualidad en el arte y poder reconocerse en el otro, encontrar cosas en com\u00fan para poder crecer en comunidad. <br><\/p>\n\n\n\n<p class=\"wp-block-paragraph\">Este festival es la puerta de inicio a un trabajo colectivo de mirar m\u00e1s all\u00e1 y detenerse en las im\u00e1genes que vemos en nuestro d\u00eda a d\u00eda.<\/p>\n","protected":false},"excerpt":{"rendered":"<p>Por Amanda Villaseca Felip El Gran Concepci\u00f3n se volvi\u00f3 el anfitri\u00f3n del primer Festival Internacional de Fotograf\u00eda Contempor\u00e1nea, FEFCO. Desde el 1 al 5 de septiembre se vivir\u00e1n largas jornadas de workshops, talleres, conversatorios, entre otras actividades destinadas a que la fotograf\u00eda dialogue con la comunidad. La misi\u00f3n es que durante esos cinco d\u00edas la &hellip;<\/p>\n","protected":false},"author":4,"featured_media":0,"comment_status":"open","ping_status":"open","sticky":false,"template":"","format":"standard","meta":{"footnotes":""},"categories":[16],"tags":[],"class_list":["post-4132","post","type-post","status-publish","format-standard","hentry","category-actualidad"],"_links":{"self":[{"href":"https:\/\/buensonido.cl\/index.php?rest_route=\/wp\/v2\/posts\/4132","targetHints":{"allow":["GET"]}}],"collection":[{"href":"https:\/\/buensonido.cl\/index.php?rest_route=\/wp\/v2\/posts"}],"about":[{"href":"https:\/\/buensonido.cl\/index.php?rest_route=\/wp\/v2\/types\/post"}],"author":[{"embeddable":true,"href":"https:\/\/buensonido.cl\/index.php?rest_route=\/wp\/v2\/users\/4"}],"replies":[{"embeddable":true,"href":"https:\/\/buensonido.cl\/index.php?rest_route=%2Fwp%2Fv2%2Fcomments&post=4132"}],"version-history":[{"count":4,"href":"https:\/\/buensonido.cl\/index.php?rest_route=\/wp\/v2\/posts\/4132\/revisions"}],"predecessor-version":[{"id":4138,"href":"https:\/\/buensonido.cl\/index.php?rest_route=\/wp\/v2\/posts\/4132\/revisions\/4138"}],"wp:attachment":[{"href":"https:\/\/buensonido.cl\/index.php?rest_route=%2Fwp%2Fv2%2Fmedia&parent=4132"}],"wp:term":[{"taxonomy":"category","embeddable":true,"href":"https:\/\/buensonido.cl\/index.php?rest_route=%2Fwp%2Fv2%2Fcategories&post=4132"},{"taxonomy":"post_tag","embeddable":true,"href":"https:\/\/buensonido.cl\/index.php?rest_route=%2Fwp%2Fv2%2Ftags&post=4132"}],"curies":[{"name":"wp","href":"https:\/\/api.w.org\/{rel}","templated":true}]}}