{"id":4117,"date":"2026-09-05T02:20:50","date_gmt":"2026-09-05T02:20:50","guid":{"rendered":"https:\/\/buensonido.cl\/?p=4117"},"modified":"2026-09-05T02:20:52","modified_gmt":"2026-09-05T02:20:52","slug":"para-celebrar-25-anos-de-publicacion-se-presentara-exposicion-de-zobako-comics-en-la-biblioteca-municipal-de-concepcion","status":"publish","type":"post","link":"https:\/\/buensonido.cl\/?p=4117","title":{"rendered":"Para celebrar 25 a\u00f1os de publicaci\u00f3n se presentar\u00e1 exposici\u00f3n de Zobako Comics en la Biblioteca Municipal de Concepci\u00f3n"},"content":{"rendered":"\n<p class=\"wp-block-paragraph\">Se realizar\u00e1 una muestra para celebrar los 25 a\u00f1os de la historieta penquista \u201cZobako\u201d. La exhibici\u00f3n comenzar\u00e1 a las 11:00 los d\u00edas s\u00e1bado 5 y domingo 6 de septiembre en la Biblioteca Municipal de Concepci\u00f3n.<\/p>\n\n\n\n<p class=\"wp-block-paragraph\">En la ocasi\u00f3n se podr\u00e1n ver bocetos y dibujos del n\u00famero \u201cEl Origen de Zobako\u201d, uno de sus lanzamientos de mayor recepci\u00f3n en los kioskos penquistas.<\/p>\n\n\n\n<p class=\"wp-block-paragraph\">Eladio \u201cYayo\u201d Lagos, dise\u00f1ador de la historieta, a\u00f1adi\u00f3 que \u201cmediante una propuesta de \u00abantes y despu\u00e9s\u00bb, cada p\u00e1gina original se presenta junto a su versi\u00f3n final publicada, permitiendo apreciar el proceso de evoluci\u00f3n de la obra\u201d.<\/p>\n\n\n\n<p class=\"wp-block-paragraph\">\u201cLa invitaci\u00f3n es a seguir apoyando nuestra revista para impulsar su crecimiento y fortalecer, juntos, el desarrollo del c\u00f3mic independiente y regional\u201d, agreg\u00f3 el artista.<\/p>\n\n\n\n<p class=\"wp-block-paragraph\">La jornada tambi\u00e9n considera dos charlas gratuitas, una el s\u00e1bado y otra el domingo, ambas a las 15:30 horas en el segundo piso del recinto.<\/p>\n\n\n\n<p class=\"wp-block-paragraph\">Vale recordar que los ejemplares de Zobako estar\u00e1n disponibles para su adquisici\u00f3n al p\u00fablico en un stand presente en la Expo Tintas y Trazos, en la misma biblioteca, donde m\u00e1s de 50 ilustradores del Gran Concepci\u00f3n y otras regiones del pa\u00eds mostrar\u00e1n sus trabajos en torno a la creatividad, arte y dise\u00f1o independiente.<\/p>\n","protected":false},"excerpt":{"rendered":"<p>Se realizar\u00e1 una muestra para celebrar los 25 a\u00f1os de la historieta penquista \u201cZobako\u201d. La exhibici\u00f3n comenzar\u00e1 a las 11:00 los d\u00edas s\u00e1bado 5 y domingo 6 de septiembre en la Biblioteca Municipal de Concepci\u00f3n. En la ocasi\u00f3n se podr\u00e1n ver bocetos y dibujos del n\u00famero \u201cEl Origen de Zobako\u201d, uno de sus lanzamientos de &hellip;<\/p>\n","protected":false},"author":4,"featured_media":4135,"comment_status":"open","ping_status":"open","sticky":false,"template":"","format":"standard","meta":{"footnotes":""},"categories":[16],"tags":[],"class_list":["post-4117","post","type-post","status-publish","format-standard","has-post-thumbnail","hentry","category-actualidad"],"_links":{"self":[{"href":"https:\/\/buensonido.cl\/index.php?rest_route=\/wp\/v2\/posts\/4117","targetHints":{"allow":["GET"]}}],"collection":[{"href":"https:\/\/buensonido.cl\/index.php?rest_route=\/wp\/v2\/posts"}],"about":[{"href":"https:\/\/buensonido.cl\/index.php?rest_route=\/wp\/v2\/types\/post"}],"author":[{"embeddable":true,"href":"https:\/\/buensonido.cl\/index.php?rest_route=\/wp\/v2\/users\/4"}],"replies":[{"embeddable":true,"href":"https:\/\/buensonido.cl\/index.php?rest_route=%2Fwp%2Fv2%2Fcomments&post=4117"}],"version-history":[{"count":3,"href":"https:\/\/buensonido.cl\/index.php?rest_route=\/wp\/v2\/posts\/4117\/revisions"}],"predecessor-version":[{"id":4125,"href":"https:\/\/buensonido.cl\/index.php?rest_route=\/wp\/v2\/posts\/4117\/revisions\/4125"}],"wp:featuredmedia":[{"embeddable":true,"href":"https:\/\/buensonido.cl\/index.php?rest_route=\/wp\/v2\/media\/4135"}],"wp:attachment":[{"href":"https:\/\/buensonido.cl\/index.php?rest_route=%2Fwp%2Fv2%2Fmedia&parent=4117"}],"wp:term":[{"taxonomy":"category","embeddable":true,"href":"https:\/\/buensonido.cl\/index.php?rest_route=%2Fwp%2Fv2%2Fcategories&post=4117"},{"taxonomy":"post_tag","embeddable":true,"href":"https:\/\/buensonido.cl\/index.php?rest_route=%2Fwp%2Fv2%2Ftags&post=4117"}],"curies":[{"name":"wp","href":"https:\/\/api.w.org\/{rel}","templated":true}]}}