{"id":4090,"date":"2026-09-04T14:24:58","date_gmt":"2026-09-04T14:24:58","guid":{"rendered":"https:\/\/buensonido.cl\/?p=4090"},"modified":"2026-09-04T14:25:00","modified_gmt":"2026-09-04T14:25:00","slug":"medalla-de-bronce-karateka-de-talcahuano-destaco-en-los-panamericanos-juveniles-de-la-federacion-mundial-de-karate","status":"publish","type":"post","link":"https:\/\/buensonido.cl\/?p=4090","title":{"rendered":"Medalla de bronce: Karateka de Talcahuano destac\u00f3 en los Panamericanos Juveniles de la Federaci\u00f3n Mundial de Karate"},"content":{"rendered":"\n<p class=\"wp-block-paragraph\">Isabella Sep\u00falveda, oriunda de Talcahuano, represent\u00f3 a Chile y consigui\u00f3 el tercer lugar de su categor\u00eda en los Panamericanos Juveniles de la Federaci\u00f3n Mundial de Karate. En el torneo realizado en Costa Rica, logr\u00f3 superar a las seleccionadas de Argentina, Per\u00fa y Brasil, y alcanz\u00f3 el bronce tras vencer a su par de Guatemala.<\/p>\n\n\n\n<p class=\"wp-block-paragraph\">Con esto mantiene el primer lugar del ranking nacional de cadetes femeninos -47 kilos, lo que la clasifica al Campeonato Mundial de la Federaci\u00f3n Mundial de Karate, que se realizar\u00e1 en Polonia durante octubre de 2026.<\/p>\n\n\n\n<p class=\"wp-block-paragraph\">Andr\u00e9s Dodero, profesor de la escuela de karate Team Dodero, asegur\u00f3 que \u201cla federaci\u00f3n nos inform\u00f3 que se va a financiar principalmente a las categor\u00edas under 21, de dieciocho a veinte a\u00f1os, y junior, diecis\u00e9is a diecisiete a\u00f1os, mientras que para las categor\u00edas de cadete no hay presupuesto. Se supone que el IND ten\u00eda que financiar a los cadetes, pero ya que la federaci\u00f3n est\u00e1 con n\u00fameros rojos, les congelaron todos los recursos\u201d.<\/p>\n\n\n\n<p class=\"wp-block-paragraph\">Tanto la familia de Isabella Sep\u00falveda, como su escuela de karate, buscan apoyo para financiar el viaje de la deportista.<\/p>\n\n\n\n<p class=\"wp-block-paragraph\"><\/p>\n","protected":false},"excerpt":{"rendered":"<p>Isabella Sep\u00falveda, oriunda de Talcahuano, represent\u00f3 a Chile y consigui\u00f3 el tercer lugar de su categor\u00eda en los Panamericanos Juveniles de la Federaci\u00f3n Mundial de Karate. En el torneo realizado en Costa Rica, logr\u00f3 superar a las seleccionadas de Argentina, Per\u00fa y Brasil, y alcanz\u00f3 el bronce tras vencer a su par de Guatemala. Con &hellip;<\/p>\n","protected":false},"author":4,"featured_media":4116,"comment_status":"open","ping_status":"open","sticky":false,"template":"","format":"standard","meta":{"footnotes":""},"categories":[24],"tags":[],"class_list":["post-4090","post","type-post","status-publish","format-standard","has-post-thumbnail","hentry","category-deportes"],"_links":{"self":[{"href":"https:\/\/buensonido.cl\/index.php?rest_route=\/wp\/v2\/posts\/4090","targetHints":{"allow":["GET"]}}],"collection":[{"href":"https:\/\/buensonido.cl\/index.php?rest_route=\/wp\/v2\/posts"}],"about":[{"href":"https:\/\/buensonido.cl\/index.php?rest_route=\/wp\/v2\/types\/post"}],"author":[{"embeddable":true,"href":"https:\/\/buensonido.cl\/index.php?rest_route=\/wp\/v2\/users\/4"}],"replies":[{"embeddable":true,"href":"https:\/\/buensonido.cl\/index.php?rest_route=%2Fwp%2Fv2%2Fcomments&post=4090"}],"version-history":[{"count":7,"href":"https:\/\/buensonido.cl\/index.php?rest_route=\/wp\/v2\/posts\/4090\/revisions"}],"predecessor-version":[{"id":4130,"href":"https:\/\/buensonido.cl\/index.php?rest_route=\/wp\/v2\/posts\/4090\/revisions\/4130"}],"wp:featuredmedia":[{"embeddable":true,"href":"https:\/\/buensonido.cl\/index.php?rest_route=\/wp\/v2\/media\/4116"}],"wp:attachment":[{"href":"https:\/\/buensonido.cl\/index.php?rest_route=%2Fwp%2Fv2%2Fmedia&parent=4090"}],"wp:term":[{"taxonomy":"category","embeddable":true,"href":"https:\/\/buensonido.cl\/index.php?rest_route=%2Fwp%2Fv2%2Fcategories&post=4090"},{"taxonomy":"post_tag","embeddable":true,"href":"https:\/\/buensonido.cl\/index.php?rest_route=%2Fwp%2Fv2%2Ftags&post=4090"}],"curies":[{"name":"wp","href":"https:\/\/api.w.org\/{rel}","templated":true}]}}