{"id":4084,"date":"2026-09-03T03:34:14","date_gmt":"2026-09-03T03:34:14","guid":{"rendered":"https:\/\/buensonido.cl\/?p=4084"},"modified":"2026-09-03T03:34:16","modified_gmt":"2026-09-03T03:34:16","slug":"se-realizara-campeonato-regional-de-cueca-de-personas-mayores-este-5-de-septiembre","status":"publish","type":"post","link":"https:\/\/buensonido.cl\/?p=4084","title":{"rendered":"Se realizar\u00e1 campeonato regional de cueca de personas mayores este 5 de septiembre"},"content":{"rendered":"\n<p class=\"wp-block-paragraph\"><strong><em>Por Erick Gribbell.-<\/em><\/strong><\/p>\n\n\n\n<p class=\"wp-block-paragraph\">El Campeonato Nacional de Cueca de Personas Mayores \u201cLuisa Riquelme Aravena\u201d desarrollar\u00e1 su etapa regional este s\u00e1bado 5 de septiembre en el gimnasio del Liceo Bicentenario San Felipe de la comuna de Arauco.<\/p>\n\n\n\n<p class=\"wp-block-paragraph\">En esta instancia participar\u00e1n las parejas ganadoras de las fases previas realizadas en las provincias de Concepci\u00f3n, Arauco y Biob\u00edo.<\/p>\n\n\n\n<p class=\"wp-block-paragraph\">Concepci\u00f3n ser\u00e1 representada por dos parejas, la dupla de Tom\u00e9, Mar\u00eda Silva y Marcelo Sanhueza, y por Sandra Gonz\u00e1lez y V\u00edctor San Mart\u00edn, oriundos de Hualp\u00e9n, d\u00faos que ocuparon el primer y segundo lugar de la fase previa de la competencia respectivamente.<\/p>\n\n\n\n<p class=\"wp-block-paragraph\">Los ganadores del certamen participaran por la Regi\u00f3n del Biob\u00edo en la fase nacional de la competencia a realizarse los d\u00edas s\u00e1bado 26 y domingo 27 de septiembre en la comuna de Tom\u00e9.<\/p>\n","protected":false},"excerpt":{"rendered":"<p>Por Erick Gribbell.- El Campeonato Nacional de Cueca de Personas Mayores \u201cLuisa Riquelme Aravena\u201d desarrollar\u00e1 su etapa regional este s\u00e1bado 5 de septiembre en el gimnasio del Liceo Bicentenario San Felipe de la comuna de Arauco. En esta instancia participar\u00e1n las parejas ganadoras de las fases previas realizadas en las provincias de Concepci\u00f3n, Arauco y &hellip;<\/p>\n","protected":false},"author":4,"featured_media":4085,"comment_status":"open","ping_status":"open","sticky":false,"template":"","format":"standard","meta":{"footnotes":""},"categories":[16],"tags":[],"class_list":["post-4084","post","type-post","status-publish","format-standard","has-post-thumbnail","hentry","category-actualidad"],"_links":{"self":[{"href":"https:\/\/buensonido.cl\/index.php?rest_route=\/wp\/v2\/posts\/4084","targetHints":{"allow":["GET"]}}],"collection":[{"href":"https:\/\/buensonido.cl\/index.php?rest_route=\/wp\/v2\/posts"}],"about":[{"href":"https:\/\/buensonido.cl\/index.php?rest_route=\/wp\/v2\/types\/post"}],"author":[{"embeddable":true,"href":"https:\/\/buensonido.cl\/index.php?rest_route=\/wp\/v2\/users\/4"}],"replies":[{"embeddable":true,"href":"https:\/\/buensonido.cl\/index.php?rest_route=%2Fwp%2Fv2%2Fcomments&post=4084"}],"version-history":[{"count":6,"href":"https:\/\/buensonido.cl\/index.php?rest_route=\/wp\/v2\/posts\/4084\/revisions"}],"predecessor-version":[{"id":4101,"href":"https:\/\/buensonido.cl\/index.php?rest_route=\/wp\/v2\/posts\/4084\/revisions\/4101"}],"wp:featuredmedia":[{"embeddable":true,"href":"https:\/\/buensonido.cl\/index.php?rest_route=\/wp\/v2\/media\/4085"}],"wp:attachment":[{"href":"https:\/\/buensonido.cl\/index.php?rest_route=%2Fwp%2Fv2%2Fmedia&parent=4084"}],"wp:term":[{"taxonomy":"category","embeddable":true,"href":"https:\/\/buensonido.cl\/index.php?rest_route=%2Fwp%2Fv2%2Fcategories&post=4084"},{"taxonomy":"post_tag","embeddable":true,"href":"https:\/\/buensonido.cl\/index.php?rest_route=%2Fwp%2Fv2%2Ftags&post=4084"}],"curies":[{"name":"wp","href":"https:\/\/api.w.org\/{rel}","templated":true}]}}