{"id":4077,"date":"2026-09-03T04:38:38","date_gmt":"2026-09-03T04:38:38","guid":{"rendered":"https:\/\/buensonido.cl\/?p=4077"},"modified":"2026-09-03T04:38:40","modified_gmt":"2026-09-03T04:38:40","slug":"para-fortalecer-la-proteccion-frente-a-incendios-forestales-organizaciones-se-reunieron-con-bomberos-en-concepcion","status":"publish","type":"post","link":"https:\/\/buensonido.cl\/?p=4077","title":{"rendered":"Para fortalecer la protecci\u00f3n frente a incendios forestales organizaciones se reunieron con Bomberos en Concepci\u00f3n"},"content":{"rendered":"\n<p class=\"wp-block-paragraph\"><em><strong>Por Fernando Guti\u00e9rrez.-<\/strong><\/em><\/p>\n\n\n\n<p class=\"wp-block-paragraph\">Tras registrar cerca de 26.800 hect\u00e1reas afectadas con llamas de gran magnitud en las comunas del Biob\u00edo y con el objetivo de prepararse para el pr\u00f3ximo periodo con mayor concurrencia de siniestros forestales en la zona, se reunieron la Corporaci\u00f3n Nacional Forestal, Conaf, la Corporaci\u00f3n Chilena de la Madera, Corma, y equipos de Bomberos en una jornada de trabajo conjunto, orientado a analizar las experiencias y lecciones aprendidas en la \u00faltima temporada de incendios forestales.<\/p>\n\n\n\n<p class=\"wp-block-paragraph\">El encuentro permiti\u00f3 identificar oportunidades de mejora, para afianzar la coordinaci\u00f3n interinstitucional ante este pr\u00f3ximo periodo de mayor ocurrencia de emergencias, adem\u00e1s de compartir aprendizajes entre los distintos actores que cumplen roles de prevenci\u00f3n, coordinaci\u00f3n y optimizar la capacidad de respuesta ante eventuales incendios forestales.<\/p>\n\n\n\n<p class=\"wp-block-paragraph\">El director regional de Conaf, \u00c1lvaro Gonz\u00e1lez, destac\u00f3 la importancia de generar estos espacios de preparaci\u00f3n para la temporada estival&nbsp;\u201ccada temporada nos deja aprendizajes que debemos transformar en acciones concretas. Revisar lo que hicimos, identificar qu\u00e9 podemos mejorar y fortalecer la coordinaci\u00f3n con Bomberos y el sector forestal es fundamental para estar mejor preparados. En materia de incendios forestales, la anticipaci\u00f3n y el trabajo conjunto son claves para responder de manera oportuna y proteger a las personas, sus viviendas y nuestro patrimonio natural\u201d.<\/p>\n\n\n\n<p class=\"wp-block-paragraph\">Margarita Celis, gerenta de Corma Biob\u00edo-\u00d1uble, afirm\u00f3 el valor de los aprendizajes obtenidos en temporadas anteriores para la preparaci\u00f3n del pr\u00f3ximo periodo \u201cha sido un trabajo muy detallado, muy sistem\u00e1tico, y que permite seguir avanzando, permite prepararnos de mejor manera, pero tambi\u00e9n nos permite innovar frente a estas situaciones extremas que nos estamos enfrentando como pa\u00eds, como mundo, como sociedad, y de lo cual tenemos que ser capaces de poder implementar nuevas acciones que nos permitan enfrentar y no tener incendios forestales\u201d.<\/p>\n\n\n\n<p class=\"wp-block-paragraph\">Por parte de Bomberos de Chile, Paolo Fregonara valor\u00f3 el trabajo en conjunto que se realiza en esta instancia hace a\u00f1os \u201cdesde el a\u00f1o 2024, Conaf y Corma nos convidaron a participar de esta mesa de trabajo para poder trabajar colaborativamente en la planificaci\u00f3n y desarrollar nuevas y mejores coordinaciones para enfrentar los desaf\u00edos que tienen los incendios forestales en Chile\u201d<\/p>\n\n\n\n<p class=\"wp-block-paragraph\">\u201cEl cambio clim\u00e1tico y la temporalidad, ahora tambi\u00e9n con el fen\u00f3meno de \u00abEl Ni\u00f1o\u00bb ad-portas de un nuevo periodo estival, nos genera nuevos desaf\u00edos para el trabajo comprometido de Bomberos de Chile por mejorar nuestra performance, nuestras acciones de combate y respuesta frente a incendios forestales, principalmente protegiendo la vida y la infraestructura de la gente\u201d, a\u00f1adi\u00f3 el Bombero.<\/p>\n\n\n\n<p class=\"wp-block-paragraph\">El conocimiento adquirido en temporadas anteriores permitir\u00e1 preparar los equipos para anticiparse a los riesgos de manera oportuna y agilizar su respuesta ante eventuales incendios que puedan afectar a la regi\u00f3n.<\/p>\n\n\n\n<p class=\"wp-block-paragraph\"><\/p>\n","protected":false},"excerpt":{"rendered":"<p>Por Fernando Guti\u00e9rrez.- Tras registrar cerca de 26.800 hect\u00e1reas afectadas con llamas de gran magnitud en las comunas del Biob\u00edo y con el objetivo de prepararse para el pr\u00f3ximo periodo con mayor concurrencia de siniestros forestales en la zona, se reunieron la Corporaci\u00f3n Nacional Forestal, Conaf, la Corporaci\u00f3n Chilena de la Madera, Corma, y equipos &hellip;<\/p>\n","protected":false},"author":2,"featured_media":4080,"comment_status":"open","ping_status":"open","sticky":false,"template":"","format":"standard","meta":{"footnotes":""},"categories":[16],"tags":[],"class_list":["post-4077","post","type-post","status-publish","format-standard","has-post-thumbnail","hentry","category-actualidad"],"_links":{"self":[{"href":"https:\/\/buensonido.cl\/index.php?rest_route=\/wp\/v2\/posts\/4077","targetHints":{"allow":["GET"]}}],"collection":[{"href":"https:\/\/buensonido.cl\/index.php?rest_route=\/wp\/v2\/posts"}],"about":[{"href":"https:\/\/buensonido.cl\/index.php?rest_route=\/wp\/v2\/types\/post"}],"author":[{"embeddable":true,"href":"https:\/\/buensonido.cl\/index.php?rest_route=\/wp\/v2\/users\/2"}],"replies":[{"embeddable":true,"href":"https:\/\/buensonido.cl\/index.php?rest_route=%2Fwp%2Fv2%2Fcomments&post=4077"}],"version-history":[{"count":4,"href":"https:\/\/buensonido.cl\/index.php?rest_route=\/wp\/v2\/posts\/4077\/revisions"}],"predecessor-version":[{"id":4105,"href":"https:\/\/buensonido.cl\/index.php?rest_route=\/wp\/v2\/posts\/4077\/revisions\/4105"}],"wp:featuredmedia":[{"embeddable":true,"href":"https:\/\/buensonido.cl\/index.php?rest_route=\/wp\/v2\/media\/4080"}],"wp:attachment":[{"href":"https:\/\/buensonido.cl\/index.php?rest_route=%2Fwp%2Fv2%2Fmedia&parent=4077"}],"wp:term":[{"taxonomy":"category","embeddable":true,"href":"https:\/\/buensonido.cl\/index.php?rest_route=%2Fwp%2Fv2%2Fcategories&post=4077"},{"taxonomy":"post_tag","embeddable":true,"href":"https:\/\/buensonido.cl\/index.php?rest_route=%2Fwp%2Fv2%2Ftags&post=4077"}],"curies":[{"name":"wp","href":"https:\/\/api.w.org\/{rel}","templated":true}]}}