{"id":4073,"date":"2026-09-03T00:04:44","date_gmt":"2026-09-03T00:04:44","guid":{"rendered":"https:\/\/buensonido.cl\/?p=4073"},"modified":"2026-09-03T00:04:46","modified_gmt":"2026-09-03T00:04:46","slug":"exigen-cumplir-acuerdo-sobre-pensiones-de-gracia-para-los-trabajadores-portuarios","status":"publish","type":"post","link":"https:\/\/buensonido.cl\/?p=4073","title":{"rendered":"Exigen cumplir acuerdo sobre pensiones de gracia para los trabajadores portuarios"},"content":{"rendered":"\n<p class=\"has-text-align-left wp-block-paragraph\">La diputada del Frente Amplio, Gael Yeomans, y el senador socialista y exdirigente portuario, Gast\u00f3n Saavedra, y trabajadores portuarios de distintas organizaciones sindicales, se refirieron en el Congreso Nacional a la suspensi\u00f3n de las pensiones de gracia que el Estado entreg\u00f3 a los trabajadores del sector hasta mediados de este a\u00f1o.<\/p>\n\n\n\n<p class=\"has-text-align-left wp-block-paragraph\">Durante tres a\u00f1os, cientos de trabajadores portuarios de distintas organizaciones sindicales accedieron a las pensiones de gracia que entrega el Estado. Este a\u00f1o la Subsecretar\u00eda del Interior decidi\u00f3 que solo podr\u00e1n acceder los trabajadores afiliados a una confederaci\u00f3n espec\u00edfica y dej\u00f3 fuera a los trabajadores de la Confederaci\u00f3n Nacional de Trabajadores Portuarios, CONATRAPORT, que llevaban tres a\u00f1os recibiendo el beneficio en las mismas condiciones que el resto.<\/p>\n\n\n\n<p class=\"has-text-align-left wp-block-paragraph\">El senador de la Comisi\u00f3n de Trabajo, Gast\u00f3n Saavedra, record\u00f3 que \u201cexiste un acuerdo desde el a\u00f1o 2006 que establece protecci\u00f3n social a los trabajadores de los puertos chilenos cuando se jubilan. Ese acuerdo establece que este a\u00f1o son 405 los trabajadores que deben tener acceso a pensiones. Hoy lamentamos la determinaci\u00f3n del Subsecretario del Interior de intentar burlar a los trabajadores y no entender que las pensiones son de los trabajadores y no alguna organizaci\u00f3n en particular. Por eso el emplazamiento al presidente Kast y el subsecretario del Interior a que cumplan con los acuerdos de Estado adoptados\u201d.<\/p>\n\n\n\n<p class=\"has-text-align-left wp-block-paragraph\">Gael Yeomans, diputada, cuestion\u00f3 el silencio del subsecretario del Interior \u201cesa diferenciaci\u00f3n es una discriminaci\u00f3n arbitraria de la cual tiene que hacerse cargo el subsecretario, porque eso no fue lo acordado por parte de los trabajadores y el Estado de Chile. Son pensiones de gracia que reconocen el trabajo que realizan los trabajadores y trabajadoras portuarias. Y por eso nosotros estamos primero reiterando esta solicitud y esta vez lo haremos en la sala\u201d. La parlamentaria se refiri\u00f3 tambi\u00e9n al presidente Jos\u00e9 Antonio Kast \u201ces lamentable que no responda, que se baipasee, no solo a los trabajadores, al Congreso, a la C\u00e1mara de Diputados y ahora tambi\u00e9n, creemos que, dado que el subsecretario P\u00e1vez no contest\u00f3, lo tiene que hacer el presidente de la Rep\u00fablica\u201d.<\/p>\n\n\n\n<p class=\"has-text-align-left wp-block-paragraph\">A su vez el vocero de Conatraport, Gabriel Rebolledo, manifest\u00f3 que \u201choy estamos nuevamente denunciando que el Gobierno no ha respondido los oficios que tanto la comisi\u00f3n de Trabajo de la C\u00e1mara de Diputados y Diputadas solicit\u00f3 por el tema de las Pensiones de Gracia; estamos coordinando las gestiones para recurrir a organizaciones internacionales\u201d.<\/p>\n\n\n\n<p class=\"has-text-align-left wp-block-paragraph\">El acuerdo contempla 250 pensiones anuales para quienes no pueden seguir en las faenas por el desgaste f\u00edsico de su labor.<\/p>\n","protected":false},"excerpt":{"rendered":"<p>La diputada del Frente Amplio, Gael Yeomans, y el senador socialista y exdirigente portuario, Gast\u00f3n Saavedra, y trabajadores portuarios de distintas organizaciones sindicales, se refirieron en el Congreso Nacional a la suspensi\u00f3n de las pensiones de gracia que el Estado entreg\u00f3 a los trabajadores del sector hasta mediados de este a\u00f1o. Durante tres a\u00f1os, cientos &hellip;<\/p>\n","protected":false},"author":4,"featured_media":4074,"comment_status":"open","ping_status":"open","sticky":false,"template":"","format":"standard","meta":{"footnotes":""},"categories":[16],"tags":[],"class_list":["post-4073","post","type-post","status-publish","format-standard","has-post-thumbnail","hentry","category-actualidad"],"_links":{"self":[{"href":"https:\/\/buensonido.cl\/index.php?rest_route=\/wp\/v2\/posts\/4073","targetHints":{"allow":["GET"]}}],"collection":[{"href":"https:\/\/buensonido.cl\/index.php?rest_route=\/wp\/v2\/posts"}],"about":[{"href":"https:\/\/buensonido.cl\/index.php?rest_route=\/wp\/v2\/types\/post"}],"author":[{"embeddable":true,"href":"https:\/\/buensonido.cl\/index.php?rest_route=\/wp\/v2\/users\/4"}],"replies":[{"embeddable":true,"href":"https:\/\/buensonido.cl\/index.php?rest_route=%2Fwp%2Fv2%2Fcomments&post=4073"}],"version-history":[{"count":3,"href":"https:\/\/buensonido.cl\/index.php?rest_route=\/wp\/v2\/posts\/4073\/revisions"}],"predecessor-version":[{"id":4097,"href":"https:\/\/buensonido.cl\/index.php?rest_route=\/wp\/v2\/posts\/4073\/revisions\/4097"}],"wp:featuredmedia":[{"embeddable":true,"href":"https:\/\/buensonido.cl\/index.php?rest_route=\/wp\/v2\/media\/4074"}],"wp:attachment":[{"href":"https:\/\/buensonido.cl\/index.php?rest_route=%2Fwp%2Fv2%2Fmedia&parent=4073"}],"wp:term":[{"taxonomy":"category","embeddable":true,"href":"https:\/\/buensonido.cl\/index.php?rest_route=%2Fwp%2Fv2%2Fcategories&post=4073"},{"taxonomy":"post_tag","embeddable":true,"href":"https:\/\/buensonido.cl\/index.php?rest_route=%2Fwp%2Fv2%2Ftags&post=4073"}],"curies":[{"name":"wp","href":"https:\/\/api.w.org\/{rel}","templated":true}]}}