{"id":4060,"date":"2026-09-02T03:43:58","date_gmt":"2026-09-02T03:43:58","guid":{"rendered":"https:\/\/buensonido.cl\/?p=4060"},"modified":"2026-09-02T03:44:00","modified_gmt":"2026-09-02T03:44:00","slug":"por-primera-vez-reconocen-a-coronelinos-con-premio-de-cultura-arte-y-patrimonio","status":"publish","type":"post","link":"https:\/\/buensonido.cl\/?p=4060","title":{"rendered":"Por primera vez: Reconocen a coronelinos con premio de Cultura, Arte y Patrimonio"},"content":{"rendered":"\n<p class=\"wp-block-paragraph\">Se reconoci\u00f3 la trayectoria y el aporte de exponentes locales en las \u00e1reas de las artes visuales, las artes esc\u00e9nicas y musicales, y el patrimonio cultural de la comuna.<\/p>\n\n\n\n<p class=\"wp-block-paragraph\">Tres importantes trayectorias vinculadas al arte, la cultura y el patrimonio de Coronel fueron reconocidas este a\u00f1o con el <strong>Premio Municipal de Cultura, Arte y Patrimonio \u201cCoronel Ciudad 2026\u201d<\/strong> que se entrega por primera vez en la comuna minera. &nbsp;&nbsp;&nbsp;&nbsp;&nbsp;&nbsp;&nbsp;&nbsp;&nbsp;&nbsp;&nbsp;&nbsp;&nbsp;&nbsp;&nbsp;&nbsp;&nbsp;&nbsp;&nbsp;&nbsp;&nbsp;&nbsp;&nbsp;&nbsp;&nbsp;&nbsp;&nbsp;&nbsp;&nbsp;&nbsp;&nbsp;&nbsp;&nbsp;&nbsp;&nbsp;&nbsp;&nbsp;&nbsp;&nbsp;&nbsp;&nbsp;&nbsp;&nbsp;&nbsp;&nbsp;&nbsp;&nbsp;&nbsp;&nbsp;&nbsp;&nbsp;&nbsp;&nbsp;&nbsp;&nbsp;&nbsp;&nbsp;&nbsp;&nbsp;&nbsp;&nbsp;&nbsp;&nbsp;&nbsp;&nbsp;&nbsp;&nbsp;&nbsp;&nbsp;&nbsp;&nbsp;&nbsp;&nbsp;&nbsp;&nbsp;&nbsp;&nbsp;&nbsp;&nbsp;&nbsp;&nbsp;&nbsp;&nbsp;&nbsp;&nbsp;&nbsp;&nbsp;&nbsp;&nbsp;&nbsp;&nbsp;&nbsp;&nbsp;&nbsp;&nbsp;&nbsp;&nbsp;&nbsp;&nbsp;&nbsp;&nbsp;&nbsp;&nbsp;&nbsp;&nbsp;&nbsp;&nbsp;&nbsp;&nbsp;&nbsp;&nbsp;&nbsp;&nbsp;&nbsp;&nbsp;&nbsp;&nbsp;&nbsp;&nbsp;&nbsp;&nbsp;&nbsp;&nbsp;&nbsp;&nbsp;&nbsp;&nbsp;&nbsp;&nbsp;&nbsp;&nbsp;&nbsp;&nbsp;&nbsp;&nbsp;&nbsp;&nbsp;&nbsp;&nbsp;&nbsp;&nbsp;&nbsp;&nbsp;&nbsp;&nbsp;&nbsp;&nbsp;&nbsp;&nbsp;<\/p>\n\n\n\n<p class=\"wp-block-paragraph\">Los destacados fueron el artista visual y muralista <strong>Marcelo Admu<\/strong>, en la categor\u00eda <strong>Artes Visuales y Nuevos Medios<\/strong>; el <strong>Ballet Folcl\u00f3rico de Coronel, Bafcor<\/strong>, en <strong>Artes Esc\u00e9nicas y Musicales<\/strong>; y <strong>Jorge Islas Islas<\/strong>, fundador del Museo Ra\u00edces, distinguido en la categor\u00eda <strong>Literatura, Artesan\u00eda y Patrimonio Cultural<\/strong>.<\/p>\n\n\n\n<p class=\"wp-block-paragraph\">La elecci\u00f3n fue realizada por una comisi\u00f3n evaluadora integrada por el alcalde de Coronel, <strong>Boris Chamorro<\/strong>, el concejal<strong> Selin Nur<\/strong>, adem\u00e1s de los destacados artistas y docentes de la comuna <strong>Alfredo Castro, Sergio del Campo y Jos\u00e9 Manuel Parra<\/strong>.<\/p>\n\n\n\n<p class=\"wp-block-paragraph\"><strong>Arte y memoria en el espacio p\u00fablico<\/strong><\/p>\n\n\n\n<p class=\"wp-block-paragraph\">El reconocimiento en Artes Visuales y Nuevos Medios recay\u00f3 en <strong>Marcelo Admu<\/strong>, artista visual y muralista coronelino, cuya obra se ha desarrollado en estrecha relaci\u00f3n con la memoria, la identidad, las comunidades y el paisaje.<\/p>\n\n\n\n<p class=\"wp-block-paragraph\">Con una trayectoria que se inicia en el grafiti y que posteriormente evoluciona hacia un lenguaje figurativo y narrativo, Admu ha convertido el espacio p\u00fablico en uno de los principales soportes de su creaci\u00f3n. Sus obras dialogan con las historias de los territorios y buscan recoger las experiencias, recuerdos y elementos identitarios de las comunidades donde interviene.<\/p>\n\n\n\n<p class=\"wp-block-paragraph\">Su trabajo ha estado presente en iniciativas como el <strong>Museo a Cielo Abierto de Coronel<\/strong> y el <strong>Encuentro Internacional Muralista del Carb\u00f3n<\/strong>, adem\u00e1s de distintas intervenciones realizadas en la Regi\u00f3n del Biob\u00edo.<\/p>\n\n\n\n<p class=\"wp-block-paragraph\">Uno de sus trabajos recientes fue el mural inaugurado en la Escuela Rosita Renard de Camilo Olavarr\u00eda, obra construida a partir de encuentros con vecinos, vecinas y estudiantes del sector y que rescata paisajes, tradiciones y elementos de la memoria hist\u00f3rica de esa comunidad.<\/p>\n\n\n\n<p class=\"wp-block-paragraph\">Marcelo Admu ha desarrollado una propuesta en su trabajo donde el mural se transforma en un espacio de encuentro entre arte, territorio y memoria colectiva.<\/p>\n\n\n\n<p class=\"wp-block-paragraph\"><strong>Dos d\u00e9cadas llevando el folclor coronelino a nuevos escenarios<\/strong><\/p>\n\n\n\n<p class=\"wp-block-paragraph\">En la categor\u00eda Artes Esc\u00e9nicas y Musicales, el reconocimiento fue otorgado a <strong>BAFCOR, Ballet Folcl\u00f3rico de Coronel<\/strong>, agrupaci\u00f3n que durante 2026 celebra <strong>20 a\u00f1os de trayectoria art\u00edstica<\/strong>.<\/p>\n\n\n\n<p class=\"wp-block-paragraph\">BAFCOR ha desarrollado un sostenido trabajo de investigaci\u00f3n, preservaci\u00f3n y difusi\u00f3n del folclor chileno y latinoamericano a trav\u00e9s de la danza y la m\u00fasica desde su fundaci\u00f3n en 2006.<\/p>\n\n\n\n<p class=\"wp-block-paragraph\">La agrupaci\u00f3n ha construido una propuesta de folclor esc\u00e9nico que combina investigaci\u00f3n territorial, dramaturgia, vestuario y puesta en escena, desarrollando montajes inspirados tanto en las distintas zonas de Chile como en expresiones culturales de Am\u00e9rica Latina.<\/p>\n\n\n\n<p class=\"wp-block-paragraph\">Su trayectoria tambi\u00e9n ha llevado a la agrupaci\u00f3n a participar en escenarios y encuentros internacionales, con presentaciones y giras en distintos pa\u00edses latinoamericanos, entre ellos Per\u00fa, Ecuador, Colombia y Paraguay.<\/p>\n\n\n\n<p class=\"wp-block-paragraph\">En su aniversario n\u00famero 20, BAFCOR reafirma su v\u00ednculo con Coronel y con la identidad de la zona carbon\u00edfera, consolid\u00e1ndose como una de las agrupaciones art\u00edsticas de mayor trayectoria y proyecci\u00f3n surgidas desde la comuna.<\/p>\n\n\n\n<p class=\"wp-block-paragraph\"><strong>Un reconocimiento al trabajo por la memoria y el patrimonio<\/strong><\/p>\n\n\n\n<p class=\"wp-block-paragraph\">El tercer galard\u00f3n fue entregado a <strong>Jorge Islas Islas<\/strong>, en la categor\u00eda Literatura, Artesan\u00eda y Patrimonio Cultural, reconociendo su aporte al rescate, conservaci\u00f3n y difusi\u00f3n de la memoria local.<\/p>\n\n\n\n<p class=\"wp-block-paragraph\">Su nombre ha estado vinculado a iniciativas patrimoniales desarrolladas en Coronel, particularmente al trabajo de puesta en valor de objetos, testimonios y elementos asociados a la historia y la identidad de la comuna.<\/p>\n\n\n\n<p class=\"wp-block-paragraph\">Entre las referencias a su labor se encuentra su participaci\u00f3n en actividades de car\u00e1cter hist\u00f3rico y museogr\u00e1fico junto a organizaciones culturales locales, adem\u00e1s de ser el fundador de <strong>Museo Ra\u00edces<\/strong>, espacio dedicado a preservar y acercar a la comunidad diversos objetos y testimonios del pasado local.<\/p>\n\n\n\n<p class=\"wp-block-paragraph\">Su reconocimiento pone en valor una dimensi\u00f3n fundamental para Coronel: el trabajo cotidiano de quienes contribuyen a conservar la memoria de sus comunidades y a transmitir a nuevas generaciones las historias que forman parte de su identidad.<\/p>\n\n\n\n<p class=\"wp-block-paragraph\"><strong>Un reconocimiento a la cultura construida desde Coronel<\/strong><\/p>\n\n\n\n<p class=\"wp-block-paragraph\">Con la entrega del Premio Municipal de Cultura, Arte y Patrimonio \u201cCoronel Ciudad 2026\u201d, la comuna reconoce tres trayectorias desarrolladas desde distintos lenguajes y disciplinas, pero unidas por un v\u00ednculo com\u00fan con el territorio: contribuir a la construcci\u00f3n y fortalecimiento de la identidad cultural coronelina.<\/p>\n\n\n\n<p class=\"wp-block-paragraph\"><\/p>\n\n\n\n<p class=\"wp-block-paragraph\"><\/p>\n","protected":false},"excerpt":{"rendered":"<p>Se reconoci\u00f3 la trayectoria y el aporte de exponentes locales en las \u00e1reas de las artes visuales, las artes esc\u00e9nicas y musicales, y el patrimonio cultural de la comuna. Tres importantes trayectorias vinculadas al arte, la cultura y el patrimonio de Coronel fueron reconocidas este a\u00f1o con el Premio Municipal de Cultura, Arte y Patrimonio &hellip;<\/p>\n","protected":false},"author":2,"featured_media":4063,"comment_status":"open","ping_status":"open","sticky":false,"template":"","format":"standard","meta":{"footnotes":""},"categories":[16],"tags":[],"class_list":["post-4060","post","type-post","status-publish","format-standard","has-post-thumbnail","hentry","category-actualidad"],"_links":{"self":[{"href":"https:\/\/buensonido.cl\/index.php?rest_route=\/wp\/v2\/posts\/4060","targetHints":{"allow":["GET"]}}],"collection":[{"href":"https:\/\/buensonido.cl\/index.php?rest_route=\/wp\/v2\/posts"}],"about":[{"href":"https:\/\/buensonido.cl\/index.php?rest_route=\/wp\/v2\/types\/post"}],"author":[{"embeddable":true,"href":"https:\/\/buensonido.cl\/index.php?rest_route=\/wp\/v2\/users\/2"}],"replies":[{"embeddable":true,"href":"https:\/\/buensonido.cl\/index.php?rest_route=%2Fwp%2Fv2%2Fcomments&post=4060"}],"version-history":[{"count":2,"href":"https:\/\/buensonido.cl\/index.php?rest_route=\/wp\/v2\/posts\/4060\/revisions"}],"predecessor-version":[{"id":4072,"href":"https:\/\/buensonido.cl\/index.php?rest_route=\/wp\/v2\/posts\/4060\/revisions\/4072"}],"wp:featuredmedia":[{"embeddable":true,"href":"https:\/\/buensonido.cl\/index.php?rest_route=\/wp\/v2\/media\/4063"}],"wp:attachment":[{"href":"https:\/\/buensonido.cl\/index.php?rest_route=%2Fwp%2Fv2%2Fmedia&parent=4060"}],"wp:term":[{"taxonomy":"category","embeddable":true,"href":"https:\/\/buensonido.cl\/index.php?rest_route=%2Fwp%2Fv2%2Fcategories&post=4060"},{"taxonomy":"post_tag","embeddable":true,"href":"https:\/\/buensonido.cl\/index.php?rest_route=%2Fwp%2Fv2%2Ftags&post=4060"}],"curies":[{"name":"wp","href":"https:\/\/api.w.org\/{rel}","templated":true}]}}