{"id":4033,"date":"2026-09-01T18:19:05","date_gmt":"2026-09-01T18:19:05","guid":{"rendered":"https:\/\/buensonido.cl\/?p=4033"},"modified":"2026-09-01T18:19:07","modified_gmt":"2026-09-01T18:19:07","slug":"se-entregaron-reconocimientos-a-vecinos-de-coronel-en-el-aniversario-numero-177-de-la-comuna","status":"publish","type":"post","link":"https:\/\/buensonido.cl\/?p=4033","title":{"rendered":"Se entregaron reconocimientos a vecinos de Coronel en el aniversario n\u00famero 177 de la comuna"},"content":{"rendered":"\n<p class=\"wp-block-paragraph\"><em><strong>Por Erick Gribbell.-<\/strong><\/em><\/p>\n\n\n\n<p class=\"wp-block-paragraph\">Se realiz\u00f3 un reconocimiento a habitantes de Coronel, por su destacada participaci\u00f3n y aporte a comunidad.<\/p>\n\n\n\n<p class=\"wp-block-paragraph\">Al evento realizado en el gimnasio Puchoco Schwager asisti\u00f3 el gobernador Sergio Giacaman quien junto al alcalde Boris Chamorro firmaron convenios de colaboraci\u00f3n para proyectos que se ejecutar\u00e1n en las pr\u00f3ximas semanas.<\/p>\n\n\n\n<p class=\"wp-block-paragraph\">La autoridad local destac\u00f3 distintas obras que se han trabajado durante su gesti\u00f3n, as\u00ed como los desaf\u00edos futuros para la ciudad \u201cah\u00ed est\u00e1 el parque y el complejo deportivo de Poblaci\u00f3n Berta, la nueva uni\u00f3n comunal despu\u00e9s de 50 a\u00f1os, la calle Los Chiflones, calle Los Canelos; adem\u00e1s tenemos nuevos desaf\u00edos maravillosos, tenemos el desaf\u00edo del nuevo Hospital de Coronel, el desaf\u00edo del corredor de la ruta 160, tenemos el desaf\u00edo de la licitaci\u00f3n del transporte p\u00fablico Lota-Coronel-Concepci\u00f3n, el cuartel de la PDI, el borde costero Playa Blanca, tenemos hermoso desaf\u00edos para la ciudad\u201d, en el cumplea\u00f1os de la comuna el alcalde destac\u00f3 tres proyectos como sus deseos para la comuna \u201cHospital de Coronel, casa de educaci\u00f3n superior y la licitaci\u00f3n del transporte p\u00fablico\u201d.<\/p>\n\n\n\n<p class=\"wp-block-paragraph\">En la cita se reconoci\u00f3 al profesor y artista Jorge Negroni como hijo ilustre de la comuna. Tambi\u00e9n, se entreg\u00f3 galardones a ciudadanos destacados como Roberto Gaete, bombero y dirigente portuario, al atleta y entrenador Aquiles Zu\u00f1iga y a la deportista de pat\u00edn carrera Isidora Herreros, entre otros.<\/p>\n\n\n\n<p class=\"wp-block-paragraph\">Isidora Herreros, destac\u00f3 que en Coronel haya un patin\u00f3dromo con altos est\u00e1ndares \u201cpara m\u00ed es una de las mejores infraestructuras que se han creado en la comuna, ha masificado el pat\u00edn carrera y es primordial para alguien en este deporte\u201d.<\/p>\n\n\n\n<p class=\"wp-block-paragraph\">Por primera vez se otorg\u00f3 el Premio de Cultura, Arte y Patrimonio, para aquellos coronelinos que han destacado en estas \u00e1reas, tal es el caso del fundador y propietario del Museo Ra\u00edces, Jorge Isla, el muralista Marcelo Admu y el Ballet Folcl\u00f3rico de Coronel, Bafcor, liderado por, Jimena Molina, quien agradeci\u00f3 la entrega de este reconocimiento, el cual ocurre en el marco de los 20 a\u00f1os de trayectoria del ballet folcl\u00f3rico.<\/p>\n\n\n\n<p class=\"wp-block-paragraph\">De esta manera finaliz\u00f3 la celebraci\u00f3n de los 177 a\u00f1os de Coronel.<\/p>\n","protected":false},"excerpt":{"rendered":"<p>Por Erick Gribbell.- Se realiz\u00f3 un reconocimiento a habitantes de Coronel, por su destacada participaci\u00f3n y aporte a comunidad. Al evento realizado en el gimnasio Puchoco Schwager asisti\u00f3 el gobernador Sergio Giacaman quien junto al alcalde Boris Chamorro firmaron convenios de colaboraci\u00f3n para proyectos que se ejecutar\u00e1n en las pr\u00f3ximas semanas. La autoridad local destac\u00f3 &hellip;<\/p>\n","protected":false},"author":4,"featured_media":4064,"comment_status":"open","ping_status":"open","sticky":false,"template":"","format":"standard","meta":{"footnotes":""},"categories":[16],"tags":[],"class_list":["post-4033","post","type-post","status-publish","format-standard","has-post-thumbnail","hentry","category-actualidad"],"_links":{"self":[{"href":"https:\/\/buensonido.cl\/index.php?rest_route=\/wp\/v2\/posts\/4033","targetHints":{"allow":["GET"]}}],"collection":[{"href":"https:\/\/buensonido.cl\/index.php?rest_route=\/wp\/v2\/posts"}],"about":[{"href":"https:\/\/buensonido.cl\/index.php?rest_route=\/wp\/v2\/types\/post"}],"author":[{"embeddable":true,"href":"https:\/\/buensonido.cl\/index.php?rest_route=\/wp\/v2\/users\/4"}],"replies":[{"embeddable":true,"href":"https:\/\/buensonido.cl\/index.php?rest_route=%2Fwp%2Fv2%2Fcomments&post=4033"}],"version-history":[{"count":4,"href":"https:\/\/buensonido.cl\/index.php?rest_route=\/wp\/v2\/posts\/4033\/revisions"}],"predecessor-version":[{"id":4068,"href":"https:\/\/buensonido.cl\/index.php?rest_route=\/wp\/v2\/posts\/4033\/revisions\/4068"}],"wp:featuredmedia":[{"embeddable":true,"href":"https:\/\/buensonido.cl\/index.php?rest_route=\/wp\/v2\/media\/4064"}],"wp:attachment":[{"href":"https:\/\/buensonido.cl\/index.php?rest_route=%2Fwp%2Fv2%2Fmedia&parent=4033"}],"wp:term":[{"taxonomy":"category","embeddable":true,"href":"https:\/\/buensonido.cl\/index.php?rest_route=%2Fwp%2Fv2%2Fcategories&post=4033"},{"taxonomy":"post_tag","embeddable":true,"href":"https:\/\/buensonido.cl\/index.php?rest_route=%2Fwp%2Fv2%2Ftags&post=4033"}],"curies":[{"name":"wp","href":"https:\/\/api.w.org\/{rel}","templated":true}]}}