{"id":2866,"date":"2026-01-06T22:02:04","date_gmt":"2026-01-07T01:02:04","guid":{"rendered":"https:\/\/buensonido.cl\/?p=2866"},"modified":"2026-01-06T22:02:04","modified_gmt":"2026-01-07T01:02:04","slug":"hola-verano-2026-revela-su-programacion-y-vuelve-a-activar-el-circuito-musical-penquista-durante-enero","status":"publish","type":"post","link":"https:\/\/buensonido.cl\/?p=2866","title":{"rendered":"\u201cHola Verano\u201d 2026 revela su programaci\u00f3n y vuelve a activar el circuito musical penquista durante enero"},"content":{"rendered":"\n<p>Con una cartelera diversa, descentralizada y que pone en valor a la escena local y nacional, el Festival&nbsp;<strong>Hola Verano 2026<\/strong>&nbsp;confirma su&nbsp;programaci\u00f3noficial para enero, consolid\u00e1ndose como uno de los encuentros culturales m\u00e1s relevantes del verano en Concepci\u00f3n.<\/p>\n\n\n\n<p>Durante tres semanas, el ciclo activar\u00e1 distintos espacios emblem\u00e1ticos de la ciudad -bares, salas y centros culturales-&nbsp;con una serie de conciertos que combinan&nbsp;entrada liberada y shows con venta de tickets,&nbsp;cruzando estilos, generaciones y propuestas art\u00edsticas que reflejan el pulso actual de la m\u00fasica independiente.<\/p>\n\n\n\n<h2 class=\"wp-block-heading\"><strong>Semana 1:&nbsp;<\/strong><strong>S<\/strong><strong>onidos alternativos y rock de culto<\/strong><\/h2>\n\n\n\n<p>El ciclo arranca el&nbsp;<strong>viernes 9 de enero<\/strong>&nbsp;en&nbsp;<strong>Templo Cr\u00e1pula<\/strong>, con un show que re\u00fane a Tunacola, Masquemusica y C\u00d8NC\u00d8N, a las&nbsp;21:00 horas.<br>Las entradas estar\u00e1n disponibles a trav\u00e9s de&nbsp;Portaltickets.cl.<\/p>\n\n\n\n<p>La primera semana contin\u00faa el&nbsp;<strong>s\u00e1bado 10 de enero<\/strong>&nbsp;con un show de&nbsp;entrada liberada&nbsp;a cargo de La Hipocres\u00eda Mat\u00f3 al Gato, en&nbsp;Casa de Salud \u2013 Unidad de Geriatr\u00eda, desde las&nbsp;22:30 horas,&nbsp;marcando uno de los momentos m\u00e1s intensos de esta primera etapa.<\/p>\n\n\n\n<h2 class=\"wp-block-heading\"><strong>Semana 2: Escena local, psicodelia y experimentaci\u00f3n<\/strong><\/h2>\n\n\n\n<p>La segunda semana pone el foco en propuestas emergentes y sonoridades exploratorias.<br>El&nbsp;<strong>lunes 12 de enero<\/strong>, Larrea Trip se presenta en&nbsp;<strong>Bar Galer\u00eda Aura<\/strong>&nbsp;(19:30 hrs., entrada liberada).<\/p>\n\n\n\n<p>El&nbsp;<strong>martes 13<\/strong>, es el turno de Surrealismo L\u00facido y la banda&nbsp;N\u00e9ktar Machine en&nbsp;<strong>Bar Cr\u00e1pula<\/strong>, mientras que el&nbsp;<strong>mi\u00e9rcoles 14<\/strong>, Sistemas Inestables vuelve a activar&nbsp;<strong>Galer\u00eda Aura<\/strong>, ambos shows con acceso gratuito.<\/p>\n\n\n\n<p>El&nbsp;<strong>jueves 14 de enero<\/strong>&nbsp;la jornada se divide en dos escenarios:<\/p>\n\n\n\n<p>Javi Urra<strong>&nbsp;+&nbsp;<\/strong>Flojera en&nbsp;<strong>Bar Averno<\/strong>&nbsp;(20:00 hrs., tickets por Portaltickets.cl).<\/p>\n\n\n\n<p><strong>Casanova<\/strong>&nbsp;en&nbsp;Bar Callej\u00f3n&nbsp;(21:00 hrs., entrada liberada).<\/p>\n\n\n\n<p>El&nbsp;<strong>viernes 15<\/strong>, Casanova regresa junto a&nbsp;<strong>d<\/strong><strong>espejado<\/strong>&nbsp;para un show nocturno en&nbsp;Casa de Salud&nbsp;desde las&nbsp;23:30 horas,&nbsp;tambi\u00e9n con entrada liberada.<\/p>\n\n\n\n<h2 class=\"wp-block-heading\"><strong>Semana 3: Cierre&nbsp;<\/strong><strong>que fusiona a<\/strong><strong>&nbsp;consolidados&nbsp;<\/strong><strong>con<\/strong><strong>&nbsp;nuevas voces<\/strong><\/h2>\n\n\n\n<p>La \u00faltima semana de&nbsp;<strong>Hola Verano 2026<\/strong>&nbsp;comienza el&nbsp;<strong>lunes 19 de enero<\/strong>&nbsp;con&nbsp;el regreso de&nbsp;<strong>Donki Bit&nbsp;<\/strong>a los escenarios en un show \u00fanico y especial para Hola Verano en&nbsp;<strong>Bar Galer\u00eda Aura<\/strong>&nbsp;(19:30 hrs.&nbsp;Entrada liberada).<\/p>\n\n\n\n<p>El&nbsp;<strong>martes 20<\/strong>, Moncho P\u00e9rez Tr\u00edo se presenta en&nbsp;<strong>Bar Cr\u00e1pula<\/strong>, seguido el&nbsp;<strong>mi\u00e9rcoles 21<\/strong>&nbsp;por Acuario, nuevamente en Galer\u00eda Aura.<\/p>\n\n\n\n<p>El&nbsp;<strong>jueves 22<\/strong>, la noche se enciende en&nbsp;<strong>Bar Averno<\/strong>&nbsp;con Kato<strong>&nbsp;+&nbsp;<\/strong>Autom\u00e1tico (20:00 hrs., tickets en Portaltickets.cl).<\/p>\n\n\n\n<p>El cierre oficial del ciclo ser\u00e1 el&nbsp;<strong>viernes 23 de enero<\/strong>&nbsp;en&nbsp;<strong>Templo Cr\u00e1pula<\/strong>, con una potente jornada encabezada por Javiera Electra, Miles de Aves y DPSE, desde las&nbsp;<strong>21:00 horas<\/strong>, con entradas a la venta en Portaltickets.cl.<\/p>\n\n\n\n<p>Con una programaci\u00f3n que combina&nbsp;acceso gratuito, diversidad&nbsp;sonora&nbsp;y una fuerte presencia de espacios culturales locales,&nbsp;Hola Verano 2026&nbsp;se consolida como el Festival m\u00e1s largo de Chile, y como una plataforma clave para vivir la m\u00fasica en vivo en Concepci\u00f3n durante la temporada estival invitando al p\u00fablico a recorrer la ciudad a trav\u00e9s de sus escenarios y propuestas art\u00edsticas.<\/p>\n\n\n\n<p>M\u00e1s informaci\u00f3n y programaci\u00f3n completa en&nbsp;<a href=\"http:\/\/www.holaverano.cl\/\" target=\"_blank\" rel=\"noreferrer noopener\">www.holaverano.cl<\/a><\/p>\n\n\n\n<figure class=\"wp-block-image size-large\"><img decoding=\"async\" src=\"https:\/\/buensonido.cl\/wp-content\/uploads\/2026\/01\/Hola-Verano-2026-Afiche-final-FEED-v2-819x1024.png\" alt=\"\" class=\"wp-image-2867\"\/><\/figure>\n","protected":false},"excerpt":{"rendered":"<p>Con una cartelera diversa, descentralizada y que pone en valor a la escena local y nacional, el Festival&nbsp;Hola Verano 2026&nbsp;confirma su&nbsp;programaci\u00f3noficial para enero, consolid\u00e1ndose como uno de los encuentros culturales m\u00e1s relevantes del verano en Concepci\u00f3n. Durante tres semanas, el ciclo activar\u00e1 distintos espacios emblem\u00e1ticos de la ciudad -bares, salas y centros culturales-&nbsp;con una serie &hellip;<\/p>\n","protected":false},"author":1,"featured_media":2867,"comment_status":"closed","ping_status":"closed","sticky":false,"template":"","format":"standard","meta":{"footnotes":""},"categories":[1],"tags":[],"class_list":["post-2866","post","type-post","status-publish","format-standard","has-post-thumbnail","hentry","category-uncategorized"],"_links":{"self":[{"href":"https:\/\/buensonido.cl\/index.php?rest_route=\/wp\/v2\/posts\/2866","targetHints":{"allow":["GET"]}}],"collection":[{"href":"https:\/\/buensonido.cl\/index.php?rest_route=\/wp\/v2\/posts"}],"about":[{"href":"https:\/\/buensonido.cl\/index.php?rest_route=\/wp\/v2\/types\/post"}],"author":[{"embeddable":true,"href":"https:\/\/buensonido.cl\/index.php?rest_route=\/wp\/v2\/users\/1"}],"replies":[{"embeddable":true,"href":"https:\/\/buensonido.cl\/index.php?rest_route=%2Fwp%2Fv2%2Fcomments&post=2866"}],"version-history":[{"count":0,"href":"https:\/\/buensonido.cl\/index.php?rest_route=\/wp\/v2\/posts\/2866\/revisions"}],"wp:featuredmedia":[{"embeddable":true,"href":"https:\/\/buensonido.cl\/index.php?rest_route=\/"}],"wp:attachment":[{"href":"https:\/\/buensonido.cl\/index.php?rest_route=%2Fwp%2Fv2%2Fmedia&parent=2866"}],"wp:term":[{"taxonomy":"category","embeddable":true,"href":"https:\/\/buensonido.cl\/index.php?rest_route=%2Fwp%2Fv2%2Fcategories&post=2866"},{"taxonomy":"post_tag","embeddable":true,"href":"https:\/\/buensonido.cl\/index.php?rest_route=%2Fwp%2Fv2%2Ftags&post=2866"}],"curies":[{"name":"wp","href":"https:\/\/api.w.org\/{rel}","templated":true}]}}