{"id":2862,"date":"2026-01-01T12:04:40","date_gmt":"2026-01-01T15:04:40","guid":{"rendered":"https:\/\/buensonido.cl\/?p=2862"},"modified":"2026-01-01T12:04:40","modified_gmt":"2026-01-01T15:04:40","slug":"indap-biobio-destaca-avances-en-agricultura-sostenible-comercializacion-y-juventudes-rurales-durante-2025","status":"publish","type":"post","link":"https:\/\/buensonido.cl\/?p=2862","title":{"rendered":"INDAP Biob\u00edo destaca avances en agricultura sostenible,\u00a0comercializaci\u00f3n y juventudes rurales durante 2025\u00a0"},"content":{"rendered":"\n<p>Con una ejecuci\u00f3n presupuestaria que alcanz\u00f3 los&nbsp;<strong>$18.400 millones<\/strong>&nbsp;durante 2025, el&nbsp;<strong>Instituto de Desarrollo Agropecuario (INDAP) en la Regi\u00f3n del&nbsp;Biob\u00edo<\/strong>&nbsp;realiz\u00f3 un positivo balance&nbsp;destacando que el 43% de estos recursos se destin\u00f3 a inversiones&nbsp;productivas, un 31% al desarrollo de capacidades y un 26% a cr\u00e9ditos de corto y largo plazo, beneficiando directamente a 13.362 agricultores y agricultoras&nbsp;de la regi\u00f3n.&nbsp;<\/p>\n\n\n\n<p>\u201c<em>Hemos impulsado una agenda orientada a&nbsp;<\/em><strong><em>modernizar la peque\u00f1a agricultura, avanzar hacia modelos de producci\u00f3n m\u00e1s sostenibles, fortalecer la vida rural y contribuir a la seguridad alimentaria<\/em><\/strong><em>&nbsp;de la regi\u00f3n<\/em>\u201d, explic\u00f3 la directora regional de INDAP Biob\u00edo, Fabiola Lara, y agreg\u00f3 que \u201c<em>trabajamos para que nuestras agricultoras y agricultores tengan mejores herramientas para innovar, producir con valor agregado y proyectar su trabajo, especialmente las nuevas generaciones<\/em>\u201d. &nbsp;<\/p>\n\n\n\n<p><strong>M\u00e1s oportunidades para emprender y permanecer en el campo<\/strong><\/p>\n\n\n\n<p>En Biob\u00edo son&nbsp;<strong>2.469 los j\u00f3venes rurales<\/strong>&nbsp;forman parte del universo de usuarios acreditados en INDAP, equivalente al 14% del total regional. Durante 2025, este segmento de personas entre 18 y 40 a\u00f1os fue priorizado mediante nuevas herramientas de apoyo al emprendimiento y acceso a oportunidades productivas.&nbsp;<\/p>\n\n\n\n<p>Uno de los hitos del a\u00f1o fue&nbsp;la puesta en marcha&nbsp;del&nbsp;programa&nbsp;<strong>Mi Primer Negocio Rural con 30 j\u00f3venes beneficiados<\/strong>&nbsp;y un presupuesto de $289 millones, destinados a inversiones productivas, capital de trabajo, asesor\u00eda t\u00e9cnica, mentor\u00edas y acompa\u00f1amiento por 3 a\u00f1os. Entre los emprendimientos&nbsp;en desarrollo&nbsp;destacan iniciativas en turismo rural, avicultura, apicultura y hortalizas. &nbsp;<\/p>\n\n\n\n<p>A nivel nacional, INDAP impuls\u00f3 la primera Pol\u00edtica Nacional de Juventudes Rurales&nbsp;y lanz\u00f3 los programas:&nbsp;<\/p>\n\n\n\n<ul class=\"wp-block-list\">\n<li><strong>Tierras Vivas<\/strong>:\u00a0convenio con Bienes Nacionales para arriendo de terrenos fiscales con fines productivos\u00a0<\/li>\n\n\n\n<li><strong>Tierra Joven<\/strong>:\u00a0que facilita acceso a la primera tierra productiva mediante cr\u00e9dito preferente con BancoEstado m\u00e1s incentivo INDAP\u00a0<\/li>\n<\/ul>\n\n\n\n<p>\u201c<em>El trabajo con j\u00f3venes es prioritario porque&nbsp;<\/em><strong><em>de ellos depende el relevo generacional en la agricultura<\/em><\/strong><em>.&nbsp;Sabemos que enfrentan barreras como acceso a tierras y financiamiento para emprender, por eso desde INDAP impulsamos&nbsp;iniciativas para ir acortando esas brechas. Hemos visto que los j\u00f3venes quieren quedarse en el campo,&nbsp;<\/em><strong><em>ellos lideran procesos de innovaci\u00f3n productiva y diversificaci\u00f3n<\/em><\/strong>\u201d, destac\u00f3 Lara.&nbsp;<\/p>\n\n\n\n<p><strong>Adaptaci\u00f3n productiva frente al cambio clim\u00e1tico<\/strong><\/p>\n\n\n\n<p>Este a\u00f1o INDAP celebr\u00f3 el egreso del primer grupo&nbsp;de beneficiarios&nbsp;del Programa de Transici\u00f3n a la Agricultura Sostenible (TAS)&nbsp;en la regi\u00f3n, integrado por 72 productores y productoras. Entre sus resultados destacan:&nbsp;<\/p>\n\n\n\n<ul class=\"wp-block-list\">\n<li>80% de los participantes aplica hoy tres o m\u00e1s pr\u00e1cticas agroecol\u00f3gicas\u00a0<\/li>\n\n\n\n<li>establecimiento de 4 Faros Agroecol\u00f3gicos\u00a0en Ca\u00f1ete, Curanilahue, Yumbel y Florida\u00a0<\/li>\n\n\n\n<li>apertura de un nuevo ciclo del programa para los pr\u00f3ximos dos a\u00f1os\u00a0<\/li>\n<\/ul>\n\n\n\n<p>Paralelamente, gracias a un convenio INDAP\u2013SENCE, 35 productores participaron en un&nbsp;<strong>curso de Transici\u00f3n Agroecol\u00f3gica<\/strong>&nbsp;ejecutado por la&nbsp;Universidad Cat\u00f3lica de la Sant\u00edsima Concepci\u00f3n (UCSC), fortaleciendo conocimientos en manejo de suelos, biodiversidad y reducci\u00f3n de insumos externos.&nbsp;<\/p>\n\n\n\n<p>La titular regional de INDAP se\u00f1al\u00f3 que, de manera complementaria, tambi\u00e9n se reforz\u00f3 el trabajo preventivo y comunitario&nbsp;en torno al riesgo de desastres. \u201c<em>En esta tarea fue clave un&nbsp;<\/em><strong><em>convenio regional entre INDAP y CORMA<\/em><\/strong><em>, que permiti\u00f3 desarrollar capacitaciones, charlas y talleres pr\u00e1cticos&nbsp;en las tres provincias de la regi\u00f3n, dirigidas a usuarios y equipos t\u00e9cnicos de&nbsp;los programas PRODESAL&nbsp;y PDTI, iniciativas&nbsp;que en conjunto suman cerca de 12 mil agricultores atendidos<\/em>\u201d, precis\u00f3 Fabiola Lara.&nbsp;<\/p>\n\n\n\n<p>Adem\u00e1s, recientemente se implement\u00f3 una capacitaci\u00f3n especializada en pastoreo estrat\u00e9gico&nbsp;como herramienta preventiva frente a incendios forestales para reducir la carga combustible y crear corta fuegos naturales, desarrollada en Santa Juana junto a la organizaci\u00f3n \u201cBuena Cabra\u201d.&nbsp;<\/p>\n\n\n\n<p><strong>Oportunidades de venta para la agricultura familiar&nbsp;<\/strong><\/p>\n\n\n\n<p>En l\u00ednea con su eje estrat\u00e9gico de comercializaci\u00f3n, INDAP reforz\u00f3 la&nbsp;<strong>venta directa y los circuitos cortos<\/strong>&nbsp;a trav\u00e9s de la Feria del Vino, Feria de Artesan\u00edas y Pueblos Originarios, Feria de las Campesinas y Campesinos, y Feria de las Flores,&nbsp;instancias reunieron en Concepci\u00f3n a cerca de 70 expositores de toda la regi\u00f3n.&nbsp;<\/p>\n\n\n\n<p>Adem\u00e1s, la instituci\u00f3n destac\u00f3 la inauguraci\u00f3n de dos nuevos&nbsp;<strong>Mercados Campesinos<\/strong>,&nbsp;en las comunas de Cabrero y Yumbel,&nbsp;alcanzando un total de 17 mercados activos en la regi\u00f3n&nbsp;con cerca de&nbsp;<strong>350 agricultores&nbsp;que ahora cuentan con un espacio establecido y el mobiliario necesario para ofrecer sus productos<\/strong>.&nbsp;<\/p>\n\n\n\n<p>Un complemento relevante&nbsp;a este trabajo fue&nbsp;la firma de un convenio regional entre INDAP y la Seremi de Salud para asesorar y acompa\u00f1ar a productores en la&nbsp;<strong>tramitaci\u00f3n de resoluciones sanitarias<\/strong>, beneficiando a una decena de emprendimientos agroalimentarios que actualmente&nbsp;avanzan en formalizaci\u00f3n y acceso a nuevos mercados.&nbsp;<\/p>\n\n\n\n<p>Respecto al momento que vive el sector, la&nbsp;<strong>seremi de Agricultura del Biob\u00edo, Pamela Gatti<\/strong>, destac\u00f3 que el trabajo desarrollado durante estos a\u00f1os ha permitido fortalecer capacidades, redes y herramientas que hoy quedan instaladas en las comunidades rurales. \u201c<em>Nuestro esfuerzo ha estado orientado a dejar bases s\u00f3lidas en materia de sostenibilidad productiva, comercializaci\u00f3n y apoyo al emprendimiento rural, porque sabemos que estos avances tienen un impacto directo en la vida de las comunidades y en la seguridad alimentaria del pa\u00eds<\/em>\u201d, se\u00f1al\u00f3.&nbsp;<\/p>\n\n\n\n<figure class=\"wp-block-image size-large\"><img decoding=\"async\" src=\"https:\/\/buensonido.cl\/wp-content\/uploads\/2026\/01\/FERIA-PRODUCTIVA-1024x684.jpg\" alt=\"\" class=\"wp-image-2863\"\/><\/figure>\n\n\n\n<figure class=\"wp-block-image size-large\"><img decoding=\"async\" src=\"https:\/\/buensonido.cl\/wp-content\/uploads\/2026\/01\/MERCADO-CAMPESINO-YUMBEL1-1024x768.jpg\" alt=\"\" class=\"wp-image-2864\"\/><\/figure>\n","protected":false},"excerpt":{"rendered":"<p>Con una ejecuci\u00f3n presupuestaria que alcanz\u00f3 los&nbsp;$18.400 millones&nbsp;durante 2025, el&nbsp;Instituto de Desarrollo Agropecuario (INDAP) en la Regi\u00f3n del&nbsp;Biob\u00edo&nbsp;realiz\u00f3 un positivo balance&nbsp;destacando que el 43% de estos recursos se destin\u00f3 a inversiones&nbsp;productivas, un 31% al desarrollo de capacidades y un 26% a cr\u00e9ditos de corto y largo plazo, beneficiando directamente a 13.362 agricultores y agricultoras&nbsp;de la &hellip;<\/p>\n","protected":false},"author":1,"featured_media":2864,"comment_status":"closed","ping_status":"closed","sticky":false,"template":"","format":"standard","meta":{"footnotes":""},"categories":[16],"tags":[],"class_list":["post-2862","post","type-post","status-publish","format-standard","has-post-thumbnail","hentry","category-actualidad"],"_links":{"self":[{"href":"https:\/\/buensonido.cl\/index.php?rest_route=\/wp\/v2\/posts\/2862","targetHints":{"allow":["GET"]}}],"collection":[{"href":"https:\/\/buensonido.cl\/index.php?rest_route=\/wp\/v2\/posts"}],"about":[{"href":"https:\/\/buensonido.cl\/index.php?rest_route=\/wp\/v2\/types\/post"}],"author":[{"embeddable":true,"href":"https:\/\/buensonido.cl\/index.php?rest_route=\/wp\/v2\/users\/1"}],"replies":[{"embeddable":true,"href":"https:\/\/buensonido.cl\/index.php?rest_route=%2Fwp%2Fv2%2Fcomments&post=2862"}],"version-history":[{"count":0,"href":"https:\/\/buensonido.cl\/index.php?rest_route=\/wp\/v2\/posts\/2862\/revisions"}],"wp:featuredmedia":[{"embeddable":true,"href":"https:\/\/buensonido.cl\/index.php?rest_route=\/"}],"wp:attachment":[{"href":"https:\/\/buensonido.cl\/index.php?rest_route=%2Fwp%2Fv2%2Fmedia&parent=2862"}],"wp:term":[{"taxonomy":"category","embeddable":true,"href":"https:\/\/buensonido.cl\/index.php?rest_route=%2Fwp%2Fv2%2Fcategories&post=2862"},{"taxonomy":"post_tag","embeddable":true,"href":"https:\/\/buensonido.cl\/index.php?rest_route=%2Fwp%2Fv2%2Ftags&post=2862"}],"curies":[{"name":"wp","href":"https:\/\/api.w.org\/{rel}","templated":true}]}}