{"id":2844,"date":"2025-12-22T23:19:33","date_gmt":"2025-12-23T02:19:33","guid":{"rendered":"https:\/\/buensonido.cl\/?p=2844"},"modified":"2025-12-22T23:19:33","modified_gmt":"2025-12-23T02:19:33","slug":"empresas-de-telecomunicaciones-ya-retiraron-15-kilometros-de-cables-en-desuso-en-los-angeles","status":"publish","type":"post","link":"https:\/\/buensonido.cl\/?p=2844","title":{"rendered":"EMPRESAS DE TELECOMUNICACIONES YA RETIRARON 15 KIL\u00d3METROS DE CABLES EN DESUSO EN LOS \u00c1NGELES"},"content":{"rendered":"\n<p>Con la propuesta de trabajo para el 2026 ya definida, bajo el liderazgo de la Municipalidad de Los \u00c1ngeles y con la coordinaci\u00f3n de la Subtel, las empresas de telecomunicaciones contin\u00faan con sus despliegues en terreno para sacar todo tipo de cables de telefon\u00eda, internet o televisi\u00f3n que est\u00e9n en desuso, cifra que alcanza, hasta el momento, a los 15 kil\u00f3metros lineales en el caso de la capital provincial.<\/p>\n\n\n\n<p>La cifra es resultado de una gesti\u00f3n mancomunada que permitir\u00e1 darle continuidad, entrando ahora en una Fase 2 del programa, resultado de la ley de ordenamiento y retiro de material inutilizable desde los postes, que entr\u00f3 en vigencia en septiembre pasado, y que tambi\u00e9n cuenta con la participaci\u00f3n de las empresas prestadoras de energ\u00eda el\u00e9ctrica. En este caso, CGE Distribuci\u00f3n.<\/p>\n\n\n\n<p>Al respecto, el subsecretario de Telecomunicaciones, Claudio Araya, destac\u00f3 que \u201cseguimos avanzando con el despeje de los cielos de nuestras ciudades, retirando los cables que est\u00e1n en desuso, acomodando y ordenando, rotulando correctamente aquellos que siguen en uso. En esa l\u00ednea, en la ciudad de Los \u00c1ngeles se est\u00e1 constituyendo, nuevamente, una mesa para planificar este trabajo, en el cual participan las empresas de telecomunicaciones que tienen que hacer el trabajo de ordenar y retirar, junto con la Subsecretar\u00eda de Telecomunicaciones y las autoridades locales. Saludamos esta iniciativa, porque va a contribuir a tener ciudades m\u00e1s seguras y m\u00e1s lindas\u201d.<\/p>\n\n\n\n<p>En tanto, y tras la citada nueva reuni\u00f3n de trabajo, realizada en dependencias del municipio y liderada por el alcalde (s) de Los \u00c1ngeles, Ra\u00fal Fuentes, en compa\u00f1\u00eda de representantes de las empresas Telef\u00f3nica del Sur, Claro \u2013 VTR, Movistar, WOM, Mundo Hold y Entel, se ejecut\u00f3 un trabajo de limpieza en la intersecci\u00f3n de las calles Caupolic\u00e1n con Col\u00f3n, en la Plaza de Armas angelina.<\/p>\n\n\n\n<p>\u201cAntes de la vigencia de la ley, hemos montado una mesa de trabajo con la Subtel, cableoperadores y las distribuidoras en la ciudad lo que permiti\u00f3 que, al entrar en rigor, nosotros ya est\u00e1bamos trabajando. Por tanto, agradecemos aqu\u00ed a las empresas que han tenido la voluntad de trabajar anticipadamente, donde todas van a tener que pasar por las cuadras de la ciudad retirando este material que est\u00e1 en desuso. No es algo tan r\u00e1pido, ya que requiere de bastante experiencia y las necesarias medidas de seguridad, por lo que hay que reconocer la voluntad de las empresas\u201d, dijo la autoridad comunal.<\/p>\n\n\n\n<p>Fuentes a\u00f1adi\u00f3 que \u201ctenemos como 8 o 10 empresas que est\u00e1n en la mesa de cable operadores y est\u00e1n tambi\u00e9n las distribuidoras que ser\u00edan CGE y Coopelan, principalmente la primera, porque tiene pr\u00e1cticamente el 98% de los postes en la ciudad. Y estamos trabajando con ellos, de forma conjunta, para poder resolver esto. Y a la vez, liderado por la Subtel, que ha sido el promotor tambi\u00e9n de esta ley y de toda de esta gesti\u00f3n\u201d.<\/p>\n\n\n\n<p><strong>Participaci\u00f3n de la comunidad<\/strong><\/p>\n\n\n\n<p>La coordinadora regional de Subtel, Paulina Cid, coment\u00f3 que \u201ca lo largo del pa\u00eds existen distintas mesas de trabajo. En lo particular, aqu\u00ed en la Regi\u00f3n del Biob\u00edo, nos hemos concentrado en la comuna de Los \u00c1ngeles. Este es un trabajo de gran envergadura y que requiere una coordinaci\u00f3n directa y mensual, en lo ideal, para lograr resultados positivos\u201d.<\/p>\n\n\n\n<p>Consultada, en t\u00e9rminos pr\u00e1cticos, de los objetivos o prop\u00f3sitos de la legislaci\u00f3n, dijo que \u201cconsiste en ordenar, tensar los cables que est\u00e1n a baja altura y tambi\u00e9n retirar los que est\u00e1n en desuso. Ve\u00edamos reci\u00e9n el equipamiento con el que trabaja Movistar, que es una empresa que migr\u00f3 desde una tecnolog\u00eda m\u00e1s antigua a una m\u00e1s nueva y ahora est\u00e1 retirando esos cables, porque no prestan servicio a la comunidad\u201d.<\/p>\n\n\n\n<p>Finalmente, y sobre las facultades o m\u00e1rgenes de participaci\u00f3n de la ciudadan\u00eda, Cid explic\u00f3 que \u201clos vecinos pueden hacer requerimientos a la municipalidad, donde lo m\u00e1s importante es que apunten a prevenir situaciones de emergencia, considerando que la municipalidad ni la subsecretar\u00eda tienen, como se dice, ojos en todas partes. Por eso, es que en aquellos sectores en los que existe un cable que pueda poner en riesgo el tr\u00e1nsito vehicular o peatonal, lo informen a su municipio\u201d.<\/p>\n\n\n\n<figure class=\"wp-block-image size-large\"><img decoding=\"async\" src=\"https:\/\/buensonido.cl\/wp-content\/uploads\/2025\/12\/191225-Fotos-Operativo-retiro-de-cables-2-1024x768.jpeg\" alt=\"\" class=\"wp-image-2845\"\/><\/figure>\n","protected":false},"excerpt":{"rendered":"<p>Con la propuesta de trabajo para el 2026 ya definida, bajo el liderazgo de la Municipalidad de Los \u00c1ngeles y con la coordinaci\u00f3n de la Subtel, las empresas de telecomunicaciones contin\u00faan con sus despliegues en terreno para sacar todo tipo de cables de telefon\u00eda, internet o televisi\u00f3n que est\u00e9n en desuso, cifra que alcanza, hasta &hellip;<\/p>\n","protected":false},"author":1,"featured_media":2845,"comment_status":"closed","ping_status":"closed","sticky":false,"template":"","format":"standard","meta":{"footnotes":""},"categories":[16],"tags":[],"class_list":["post-2844","post","type-post","status-publish","format-standard","has-post-thumbnail","hentry","category-actualidad"],"_links":{"self":[{"href":"https:\/\/buensonido.cl\/index.php?rest_route=\/wp\/v2\/posts\/2844","targetHints":{"allow":["GET"]}}],"collection":[{"href":"https:\/\/buensonido.cl\/index.php?rest_route=\/wp\/v2\/posts"}],"about":[{"href":"https:\/\/buensonido.cl\/index.php?rest_route=\/wp\/v2\/types\/post"}],"author":[{"embeddable":true,"href":"https:\/\/buensonido.cl\/index.php?rest_route=\/wp\/v2\/users\/1"}],"replies":[{"embeddable":true,"href":"https:\/\/buensonido.cl\/index.php?rest_route=%2Fwp%2Fv2%2Fcomments&post=2844"}],"version-history":[{"count":0,"href":"https:\/\/buensonido.cl\/index.php?rest_route=\/wp\/v2\/posts\/2844\/revisions"}],"wp:featuredmedia":[{"embeddable":true,"href":"https:\/\/buensonido.cl\/index.php?rest_route=\/wp\/v2\/media\/2845"}],"wp:attachment":[{"href":"https:\/\/buensonido.cl\/index.php?rest_route=%2Fwp%2Fv2%2Fmedia&parent=2844"}],"wp:term":[{"taxonomy":"category","embeddable":true,"href":"https:\/\/buensonido.cl\/index.php?rest_route=%2Fwp%2Fv2%2Fcategories&post=2844"},{"taxonomy":"post_tag","embeddable":true,"href":"https:\/\/buensonido.cl\/index.php?rest_route=%2Fwp%2Fv2%2Ftags&post=2844"}],"curies":[{"name":"wp","href":"https:\/\/api.w.org\/{rel}","templated":true}]}}