{"id":2841,"date":"2025-08-22T22:53:00","date_gmt":"2025-08-23T01:53:00","guid":{"rendered":"https:\/\/buensonido.cl\/?p=2841"},"modified":"2025-08-22T22:53:00","modified_gmt":"2025-08-23T01:53:00","slug":"comienzan-los-trabajos-en-las-viviendas-de-villa-evangelista","status":"publish","type":"post","link":"https:\/\/buensonido.cl\/?p=2841","title":{"rendered":"Comienzan los trabajos en las viviendas de Villa Evangelista"},"content":{"rendered":"\n<figure class=\"wp-block-image size-full is-resized\"><img decoding=\"async\" src=\"https:\/\/buensonido.cl\/wp-content\/uploads\/2025\/12\/gvv.jpg\" alt=\"\" class=\"wp-image-2842\" style=\"width:840px;height:auto\"\/><\/figure>\n\n\n\n<p>Contin\u00faan las buenas noticias para Villa Evangelista, en esta oportunidad, m\u00e1s de 140 vecinos han sido beneficiados con los subsidios de mejoramientos. Las obras se realizan en el tiempo y plazos indicados.<\/p>\n\n\n\n<p>Los vecinos ven con sus propios ojos como les mejora la calidad de vida. Nidia Cerna junto a su hija Alejandra viven desde hace 20 a\u00f1os en Villa Evangelista. Sus sentimientos con esta obra son de mucha alegr\u00eda \u201cluego de muchos a\u00f1os, porfin mi hija tendr\u00e1 un lugar bonito donde dormir, ella es la mas feliz con esta ayuda. Ver su cara de emoci\u00f3n con sus nuevas paredes, el techo, la verdad es que esto es algo muy importante para nosotros, nos va a cambiar la vida\u201d.<\/p>\n\n\n\n<p>Las mejoran contemplan mejoras en el interior y en el exterior de las viviendas, que incluyen mejoramiento t\u00e9rmico, cambio de ventanas, puertas, entre otras mejoras.<\/p>\n\n\n\n<p>Cada intervenci\u00f3n en las viviendas refleja el cambio en los rostros de los vecinos, una destcada dirigenta de Villa Evangelista Gregoria Nu\u00f1ez, nos relata su experiencia con esta iniciativa: \u201cesto me cambia la vida completamente, ahora podre estar en mejores condiciones. Gracias al programa quiero mi barrio y a la municipalidad de San Pedro por ayudarnos a tener este beneficio. Todos los vecinos del barrio estamos contento\u201d.&nbsp;<\/p>\n\n\n\n<p>Los trabajos avanzan a toda maquina en las diferentes etapas de Villa San Pedro Evangelista. Se espera que antes de fin de a\u00f1o, todos los beneficiados por este subsidio de mejoramiento de vivienda poder ver su sue\u00f1o hecho realidad.<\/p>\n","protected":false},"excerpt":{"rendered":"<p>Contin\u00faan las buenas noticias para Villa Evangelista, en esta oportunidad, m\u00e1s de 140 vecinos han sido beneficiados con los subsidios de mejoramientos. Las obras se realizan en el tiempo y plazos indicados. Los vecinos ven con sus propios ojos como les mejora la calidad de vida. Nidia Cerna junto a su hija Alejandra viven desde &hellip;<\/p>\n","protected":false},"author":1,"featured_media":2842,"comment_status":"closed","ping_status":"closed","sticky":false,"template":"","format":"standard","meta":{"footnotes":""},"categories":[16],"tags":[],"class_list":["post-2841","post","type-post","status-publish","format-standard","has-post-thumbnail","hentry","category-actualidad"],"_links":{"self":[{"href":"https:\/\/buensonido.cl\/index.php?rest_route=\/wp\/v2\/posts\/2841","targetHints":{"allow":["GET"]}}],"collection":[{"href":"https:\/\/buensonido.cl\/index.php?rest_route=\/wp\/v2\/posts"}],"about":[{"href":"https:\/\/buensonido.cl\/index.php?rest_route=\/wp\/v2\/types\/post"}],"author":[{"embeddable":true,"href":"https:\/\/buensonido.cl\/index.php?rest_route=\/wp\/v2\/users\/1"}],"replies":[{"embeddable":true,"href":"https:\/\/buensonido.cl\/index.php?rest_route=%2Fwp%2Fv2%2Fcomments&post=2841"}],"version-history":[{"count":0,"href":"https:\/\/buensonido.cl\/index.php?rest_route=\/wp\/v2\/posts\/2841\/revisions"}],"wp:featuredmedia":[{"embeddable":true,"href":"https:\/\/buensonido.cl\/index.php?rest_route=\/wp\/v2\/media\/2842"}],"wp:attachment":[{"href":"https:\/\/buensonido.cl\/index.php?rest_route=%2Fwp%2Fv2%2Fmedia&parent=2841"}],"wp:term":[{"taxonomy":"category","embeddable":true,"href":"https:\/\/buensonido.cl\/index.php?rest_route=%2Fwp%2Fv2%2Fcategories&post=2841"},{"taxonomy":"post_tag","embeddable":true,"href":"https:\/\/buensonido.cl\/index.php?rest_route=%2Fwp%2Fv2%2Ftags&post=2841"}],"curies":[{"name":"wp","href":"https:\/\/api.w.org\/{rel}","templated":true}]}}