{"id":2834,"date":"2025-12-19T14:19:02","date_gmt":"2025-12-19T17:19:02","guid":{"rendered":"https:\/\/buensonido.cl\/?p=2834"},"modified":"2025-12-19T14:19:02","modified_gmt":"2025-12-19T17:19:02","slug":"refuerzan-fiscalizacion-a-buses-interurbanos-por-aumento-de-viajes-en-fin-de-ano","status":"publish","type":"post","link":"https:\/\/buensonido.cl\/?p=2834","title":{"rendered":"REFUERZAN FISCALIZACI\u00d3N A BUSES INTERURBANOS POR AUMENTO DE VIAJES EN FIN DE A\u00d1O"},"content":{"rendered":"\n<p>Entre 11 mil y 12 mil personas circular\u00e1n por el Terminal \u201cCollao\u201d de Concepci\u00f3n con motivo de las fiestas de Fin de A\u00f1o, per\u00edodo donde aumenta la cantidad de salidas y llegadas de buses desde distintos puntos del pa\u00eds, por lo que el Ministerio de Transportes y Telecomunicaciones, a trav\u00e9s de la Unidad de Fiscalizaci\u00f3n, reforzar\u00e1 sus operativos en estos recintos, as\u00ed como en plazas de peajes y carreteras, para revisar documentaci\u00f3n e inspeccionar las condiciones de las m\u00e1quinas.<\/p>\n\n\n\n<p>Es as\u00ed como esta ma\u00f1ana, el seremi (s) de Transportes y Telecomunicaciones, Hugo Cautivo, se traslad\u00f3 al recinto de calle Tegualda, donde particip\u00f3 en la entrega de informaci\u00f3n a pasajeros y pasajeras, inst\u00e1ndolos al uso obligatorio del cintur\u00f3n de seguridad, y en la revisi\u00f3n de licencias y certificados, junto a la inspecci\u00f3n al estado de parabrisas, ventanales, neum\u00e1ticos, luces, entre otros aspectos t\u00e9cnicos de las m\u00e1quinas antes de salir de sus respectivos andenes.<\/p>\n\n\n\n<p>La ejecuci\u00f3n del citado proceso de fiscalizaci\u00f3n arroj\u00f3 la cifra de 56 controles, 8 citaciones al Juzgado de Polic\u00eda Local y una suspensi\u00f3n de salida, por permiso de circulaci\u00f3n y licencia de conducir vencida, que signific\u00f3 a la empresa prestadora cambiar la m\u00e1quina para concretar el trayecto.<\/p>\n\n\n\n<p>\u201cEstamos comenzando la campa\u00f1a en funci\u00f3n del per\u00edodo tanto de Navidad como de A\u00f1o Nuevo, donde sabemos que aumentan significativamente los viajes y tambi\u00e9n aqu\u00ed en el Terminal Collao. Estamos hablando de un aumento de cerca del 10% de buses que salen de ac\u00e1 con destino en muchos lugares a nivel del pa\u00eds, y un alza de cerca del 20% del n\u00famero de pasajeros\u201d, detall\u00f3 Cautivo.<\/p>\n\n\n\n<p>\u201cPor ello, queremos entregar un mensaje claro para una conducta responsable por parte de las empresas de transportes, de tal forma que se preocupen de todos los aspectos t\u00e9cnicos y tambi\u00e9n de sus conductores; que est\u00e9n con toda la documentaci\u00f3n al d\u00eda, para proporcionar seguridad y confianza a los usuarios, para que cuando se suban a un bus est\u00e9n, efectivamente, cumpliendo con todas las normativas\u201d, a\u00f1adi\u00f3.<\/p>\n\n\n\n<p>Consultado por la ejecuci\u00f3n de los operativos, el seremi (s) del MTT detall\u00f3 que \u201chay dos variantes que son importantes. Por un lado, toda la revisi\u00f3n de documentos, tanto de la m\u00e1quina como del conductor, de tal forma que se cumpla con la normativa legal en esta materia, como tener revisiones t\u00e9cnicas al d\u00eda y, obviamente, la licencia del conductor. Y por otro, aspectos t\u00e9cnicos relacionados con neum\u00e1ticos, parabrisas, condiciones de los cinturones de seguridad. Recordamos, a todos los usuarios del transporte interurbano que usen el cintur\u00f3n porque, de lo contrario, se trata de una falta, una infracci\u00f3n y, por tanto, nosotros, si detectamos eso, van a cursarse las citaciones respectivas\u201d.<\/p>\n\n\n\n<p><strong>Refuerzo de fin de a\u00f1o<\/strong><\/p>\n\n\n\n<p>Desde el MTT se reforzar\u00e1n las acciones de fiscalizaci\u00f3n a buses interurbanos e interregionales, considerando puntos de llegada y salida, como en plazas de peajes y carreteras, todo en conjunto a personal de Carabineros de Chile.<\/p>\n\n\n\n<p>\u201cS\u00ed, nos preocupa y ocupa que, justamente, cuando empezamos toda esta \u00e9poca de fiestas, tanto de Navidad como de A\u00f1o Nuevo y donde aumentan los flujos vehiculares, el n\u00famero de viajes, tambi\u00e9n tenemos un aumento de accidentes y lamentablemente un aumento de la tasa de fallecidos. Queremos tratar de evitar, de mitigar este aspecto que es parte de la realidad y esta campa\u00f1a, precisamente, est\u00e1 desplegada con ese horizonte, tratar de generar la mayor inhibici\u00f3n de conducta irresponsable y, por tanto, perdimos la ayuda y la colaboraci\u00f3n permanente, tanto de las empresas de transporte p\u00fablico, pero tambi\u00e9n de los usuarios\u201d, subray\u00f3.<\/p>\n\n\n\n<p>En tanto, en representaci\u00f3n de Carabineros, el capit\u00e1n Miguel Hern\u00e1ndez, jefe de operaciones de la Primera Comisar\u00eda de Concepci\u00f3n, destac\u00f3 que \u201ceste es un trabajo que no es solamente es de un d\u00eda. En estas fechas, donde hay un aumento de flujo de personas, veh\u00edculos y en especial de viajes interurbanos, hemos estado controlando y lo vamos a seguir haciendo hasta despu\u00e9s de las fiestas de fin de a\u00f1o. Recomendamos a los conductores planificar su viaje con tiempo, verificar las condiciones mec\u00e1nicas del veh\u00edculo, la documentaci\u00f3n del mismo y, por supuesto, la documentaci\u00f3n de quien conduce y no olvidar que el uso del cintur\u00f3n es obligatorio\u201d.<\/p>\n\n\n\n<p>\u201cEs muy importante que las familias que salgan en veh\u00edculo con menores de edad, con ni\u00f1os, tengan la silla de fijaci\u00f3n y la utilicen, ya que es un elemento fundamental a la hora de un accidente y as\u00ed evitar una situaci\u00f3n mayor. Por supuesto, est\u00e1 la prohibici\u00f3n de la ingesta de bebidas alcoh\u00f3licas al conducir y, por supuesto, tener la prudencia y los desplazamientos en las rutas\u201d, concluy\u00f3.<\/p>\n\n\n\n<figure class=\"wp-block-image size-large\"><img decoding=\"async\" src=\"https:\/\/buensonido.cl\/wp-content\/uploads\/2025\/12\/181225-Fotos-Fiscalizacion-MTT-5-1024x682.jpeg\" alt=\"\" class=\"wp-image-2835\"\/><\/figure>\n","protected":false},"excerpt":{"rendered":"<p>Entre 11 mil y 12 mil personas circular\u00e1n por el Terminal \u201cCollao\u201d de Concepci\u00f3n con motivo de las fiestas de Fin de A\u00f1o, per\u00edodo donde aumenta la cantidad de salidas y llegadas de buses desde distintos puntos del pa\u00eds, por lo que el Ministerio de Transportes y Telecomunicaciones, a trav\u00e9s de la Unidad de Fiscalizaci\u00f3n, &hellip;<\/p>\n","protected":false},"author":1,"featured_media":2835,"comment_status":"closed","ping_status":"closed","sticky":false,"template":"","format":"standard","meta":{"footnotes":""},"categories":[16],"tags":[],"class_list":["post-2834","post","type-post","status-publish","format-standard","has-post-thumbnail","hentry","category-actualidad"],"_links":{"self":[{"href":"https:\/\/buensonido.cl\/index.php?rest_route=\/wp\/v2\/posts\/2834","targetHints":{"allow":["GET"]}}],"collection":[{"href":"https:\/\/buensonido.cl\/index.php?rest_route=\/wp\/v2\/posts"}],"about":[{"href":"https:\/\/buensonido.cl\/index.php?rest_route=\/wp\/v2\/types\/post"}],"author":[{"embeddable":true,"href":"https:\/\/buensonido.cl\/index.php?rest_route=\/wp\/v2\/users\/1"}],"replies":[{"embeddable":true,"href":"https:\/\/buensonido.cl\/index.php?rest_route=%2Fwp%2Fv2%2Fcomments&post=2834"}],"version-history":[{"count":0,"href":"https:\/\/buensonido.cl\/index.php?rest_route=\/wp\/v2\/posts\/2834\/revisions"}],"wp:featuredmedia":[{"embeddable":true,"href":"https:\/\/buensonido.cl\/index.php?rest_route=\/wp\/v2\/media\/2835"}],"wp:attachment":[{"href":"https:\/\/buensonido.cl\/index.php?rest_route=%2Fwp%2Fv2%2Fmedia&parent=2834"}],"wp:term":[{"taxonomy":"category","embeddable":true,"href":"https:\/\/buensonido.cl\/index.php?rest_route=%2Fwp%2Fv2%2Fcategories&post=2834"},{"taxonomy":"post_tag","embeddable":true,"href":"https:\/\/buensonido.cl\/index.php?rest_route=%2Fwp%2Fv2%2Ftags&post=2834"}],"curies":[{"name":"wp","href":"https:\/\/api.w.org\/{rel}","templated":true}]}}