{"id":2823,"date":"2025-12-12T21:53:26","date_gmt":"2025-12-13T00:53:26","guid":{"rendered":"https:\/\/buensonido.cl\/?p=2823"},"modified":"2025-12-12T21:53:26","modified_gmt":"2025-12-13T00:53:26","slug":"bailarina-coronelina-la-rompe-con-su-danza-arabe","status":"publish","type":"post","link":"https:\/\/buensonido.cl\/?p=2823","title":{"rendered":"Bailarina coronelina la rompe con su danza \u00e1rabe"},"content":{"rendered":"\n<p>Antonella Correa, de 19 a\u00f1os, destacada bailarina de danza \u00e1rabe de Lagunillas, Coronel, contin\u00faa consolidando su carrera art\u00edstica a nivel regional y nacional. En octubre pasado particip\u00f3 en el reconocido festival BellyFest Chile, instancia en la que obtuvo diversos premios en competencia, logros que ha compartido a trav\u00e9s de sus redes sociales.<\/p>\n\n\n\n<p>Hoy, la joven artista se prepara para un nuevo desaf\u00edo: representar\u00e1 a Coronel en el programa televisivo \u201cCu\u00e1nto Vale el Show\u201d de Chilevisi\u00f3n, donde llevar\u00e1 su danza a una audiencia masiva.<\/p>\n\n\n\n<p>Antonella Correa ha sumado importantes reconocimientos. En 2024 obtuvo el 1er lugar categor\u00eda Principiante en la competencia internacional EIDAC, realizada en Canc\u00fan, M\u00e9xico. Este a\u00f1o, en BellyFest Chile 2025, volvi\u00f3 a destacar con un 1er lugar en la categor\u00eda Avanzado Percusi\u00f3n y el t\u00edtulo de Mejor Bailarina del certamen en categor\u00eda Adulta.<\/p>\n\n\n\n<p>Actualmente representa a la academia de danzas&nbsp;<a href=\"https:\/\/www.instagram.com\/soraya.selaive\/\">@soraya.selaive<\/a>, consolidando un camino art\u00edstico que sigue creciendo a nivel nacional e internacional.<\/p>\n\n\n\n<p>Antonella hizo un llamado a la comunidad para acompa\u00f1arla en este proceso, apoyando su trabajo mediante la difusi\u00f3n de su perfil y contenido en Instagram, con el objetivo de seguir ampliando el alcance de su proyecto art\u00edstico.<\/p>\n\n\n\n<figure class=\"wp-block-image size-full is-resized\"><img decoding=\"async\" src=\"https:\/\/buensonido.cl\/wp-content\/uploads\/2025\/12\/Screenshot_4.jpg\" alt=\"\" class=\"wp-image-2824\" style=\"width:840px;height:auto\"\/><\/figure>\n","protected":false},"excerpt":{"rendered":"<p>Antonella Correa, de 19 a\u00f1os, destacada bailarina de danza \u00e1rabe de Lagunillas, Coronel, contin\u00faa consolidando su carrera art\u00edstica a nivel regional y nacional. En octubre pasado particip\u00f3 en el reconocido festival BellyFest Chile, instancia en la que obtuvo diversos premios en competencia, logros que ha compartido a trav\u00e9s de sus redes sociales. Hoy, la joven &hellip;<\/p>\n","protected":false},"author":1,"featured_media":2824,"comment_status":"closed","ping_status":"closed","sticky":false,"template":"","format":"standard","meta":{"footnotes":""},"categories":[16],"tags":[],"class_list":["post-2823","post","type-post","status-publish","format-standard","has-post-thumbnail","hentry","category-actualidad"],"_links":{"self":[{"href":"https:\/\/buensonido.cl\/index.php?rest_route=\/wp\/v2\/posts\/2823","targetHints":{"allow":["GET"]}}],"collection":[{"href":"https:\/\/buensonido.cl\/index.php?rest_route=\/wp\/v2\/posts"}],"about":[{"href":"https:\/\/buensonido.cl\/index.php?rest_route=\/wp\/v2\/types\/post"}],"author":[{"embeddable":true,"href":"https:\/\/buensonido.cl\/index.php?rest_route=\/wp\/v2\/users\/1"}],"replies":[{"embeddable":true,"href":"https:\/\/buensonido.cl\/index.php?rest_route=%2Fwp%2Fv2%2Fcomments&post=2823"}],"version-history":[{"count":0,"href":"https:\/\/buensonido.cl\/index.php?rest_route=\/wp\/v2\/posts\/2823\/revisions"}],"wp:featuredmedia":[{"embeddable":true,"href":"https:\/\/buensonido.cl\/index.php?rest_route=\/wp\/v2\/media\/2824"}],"wp:attachment":[{"href":"https:\/\/buensonido.cl\/index.php?rest_route=%2Fwp%2Fv2%2Fmedia&parent=2823"}],"wp:term":[{"taxonomy":"category","embeddable":true,"href":"https:\/\/buensonido.cl\/index.php?rest_route=%2Fwp%2Fv2%2Fcategories&post=2823"},{"taxonomy":"post_tag","embeddable":true,"href":"https:\/\/buensonido.cl\/index.php?rest_route=%2Fwp%2Fv2%2Ftags&post=2823"}],"curies":[{"name":"wp","href":"https:\/\/api.w.org\/{rel}","templated":true}]}}