{"id":2808,"date":"2025-12-12T21:20:37","date_gmt":"2025-12-13T00:20:37","guid":{"rendered":"https:\/\/buensonido.cl\/?p=2808"},"modified":"2025-12-12T21:20:37","modified_gmt":"2025-12-13T00:20:37","slug":"biotren-corto-laja-y-otros-150-servicios-de-transporte-rural-seran-gratuitos-para-segunda-vuelta-presidencial","status":"publish","type":"post","link":"https:\/\/buensonido.cl\/?p=2808","title":{"rendered":"BIOTREN, CORTO LAJA Y OTROS 150 SERVICIOS DE TRANSPORTE RURAL SER\u00c1N GRATUITOS PARA SEGUNDA VUELTA PRESIDENCIAL"},"content":{"rendered":"\n<p>La Seremi de Transportes y Telecomunicaciones, y al igual que en el proceso eleccionario de noviembre, este domingo reforzar\u00e1 la oferta de transporte p\u00fablico en el Gran Concepci\u00f3n, lo que se sumar\u00e1 a la gratuidad del Biotren y Corto Laja, as\u00ed como en 150 servicios en zonas rurales y aisladas que benefician a cientos de localidades en 29 comunas de la Regi\u00f3n del Biob\u00edo.<\/p>\n\n\n\n<p>A todo lo anterior, se sumar\u00e1 el despliegue del equipo regional de Transporte P\u00fablico para la supervisi\u00f3n permanente de los citados servicios, as\u00ed como de la Unidad Operativa de Control de Tr\u00e1nsito (UOCT), la Unidad de Fiscalizaci\u00f3n y de la Subsecretar\u00eda de Telecomunicaciones, Subtel.<\/p>\n\n\n\n<p>Los antecedentes fueron entregados esta ma\u00f1ana &#8211; junto al Delegado Presidencial Regional, Eduardo Pacheco, y en compa\u00f1\u00eda de representantes de FF.AA., Armada y PDI &#8211; por el seremi (s) de Transportes y Telecomunicaciones, Hugo Cautivo, con ocasi\u00f3n de la visita e inspecci\u00f3n al Liceo T\u00e9cnico Femenino de Concepci\u00f3n, uno de los puntos de votaci\u00f3n de este domingo.<\/p>\n\n\n\n<p>\u201cTenemos 150 contratos rurales adjudicados para la prestaci\u00f3n de servicios de transporte rural gratuito, de los cuales 102 han sido financiados por el Ministerio de Transportes y coordinados con la Delegaci\u00f3n Presidencial Regional. En esta materia, tambi\u00e9n se suma el Corto Laja como un servicio gratuito, as\u00ed como la barcaza a la Isla Santa Mar\u00eda, para quienes tienen que concurrir al continente en materia de votaci\u00f3n y tambi\u00e9n el Biotren, que funcionar\u00e1, pr\u00e1cticamente, como un d\u00eda s\u00e1bado o incluso como d\u00eda de semana, en funci\u00f3n de poder asegurar que todos tengamos la posibilidad de concurrir a su lugar de votaci\u00f3n sin mayores problemas\u201d, coment\u00f3 Cautivo.<\/p>\n\n\n\n<p>Sobre la oferta de taxibuses en la capital regional y comunas aleda\u00f1as, a\u00f1adi\u00f3 que, y tal como ocurri\u00f3 en noviembre, \u201cestablecimos un plan especial para el domingo del transporte p\u00fablico en lo que es el \u00e1rea regulada (Per\u00edmetro de Exclusi\u00f3n). Estamos hablando del Gran Concepci\u00f3n, Tom\u00e9 y Santa Juana, con m\u00e1quinas que van a comenzar a circular desde las 05.45 horas de la ma\u00f1ana y hasta las 22.00 horas, con los \u00faltimos servicios que van a salir del terminal. As\u00ed es que no deber\u00eda haber ning\u00fan inconveniente tanto para aquellas personas que van a ir a votar, como para quienes van a prestar servicios como vocales de mesa o son parte del equipo de apoyos que establece el Servel\u201d.<\/p>\n\n\n\n<p><strong>Tr\u00e1nsito y conectividad&nbsp;<\/strong><\/p>\n\n\n\n<p>No todo es microbuses, taxibuses, barcazas o trenes. Tambi\u00e9n desde la Seremi de Transportes y Telecomunicaciones se inform\u00f3 el despliegue que tendr\u00e1n los funcionarios y funcionarias de Fiscalizaci\u00f3n, UOCT y SUBTEL, en una cobertura especial que activar\u00e1n en la jornada de elecciones.<\/p>\n\n\n\n<p>Al respecto, Cautivo dijo que \u201cvamos a estar trabajando con la UOCT, que va a estar desde muy temprano monitoreando los sistemas en materia de sem\u00e1foros, pero tambi\u00e9n a trav\u00e9s de otras plataformas digitales para ver cualquier evento que pueda ocurrir en calles y avenidas. Tambi\u00e9n, nuestros equipos de Fiscalizaci\u00f3n van a estar desplegados desde las 06 de la ma\u00f1ana para inspeccionar los servicios, tanto regulares que hay como tambi\u00e9n aquellos que, de manera especial, se prestan en zonas rurales o aisladas en forma gratuita\u201d.<\/p>\n\n\n\n<p>\u201cPor otro lado, la Subtel ya activ\u00f3 planes de contingencia con todas las compa\u00f1\u00eda, tal como ocurre en situaciones de emergencia, para asegurar la conectividad en telefon\u00eda e internet en la regi\u00f3n, sin dejar de considerar la importancia que tiene para el Servel en el proceso de traspaso de informaciones a nivel de todos los locales de votaci\u00f3n\u201d, subray\u00f3 el seremi subrogante del MTT.<\/p>\n\n\n\n<figure class=\"wp-block-image size-large\"><img decoding=\"async\" src=\"https:\/\/buensonido.cl\/wp-content\/uploads\/2025\/12\/121225-Fotos-Despoliegue-MTT-en-segunda-vuelta-presidencial-3-1024x682.jpeg\" alt=\"\" class=\"wp-image-2809\"\/><\/figure>\n","protected":false},"excerpt":{"rendered":"<p>La Seremi de Transportes y Telecomunicaciones, y al igual que en el proceso eleccionario de noviembre, este domingo reforzar\u00e1 la oferta de transporte p\u00fablico en el Gran Concepci\u00f3n, lo que se sumar\u00e1 a la gratuidad del Biotren y Corto Laja, as\u00ed como en 150 servicios en zonas rurales y aisladas que benefician a cientos de &hellip;<\/p>\n","protected":false},"author":1,"featured_media":2809,"comment_status":"closed","ping_status":"closed","sticky":false,"template":"","format":"standard","meta":{"footnotes":""},"categories":[16],"tags":[],"class_list":["post-2808","post","type-post","status-publish","format-standard","has-post-thumbnail","hentry","category-actualidad"],"_links":{"self":[{"href":"https:\/\/buensonido.cl\/index.php?rest_route=\/wp\/v2\/posts\/2808","targetHints":{"allow":["GET"]}}],"collection":[{"href":"https:\/\/buensonido.cl\/index.php?rest_route=\/wp\/v2\/posts"}],"about":[{"href":"https:\/\/buensonido.cl\/index.php?rest_route=\/wp\/v2\/types\/post"}],"author":[{"embeddable":true,"href":"https:\/\/buensonido.cl\/index.php?rest_route=\/wp\/v2\/users\/1"}],"replies":[{"embeddable":true,"href":"https:\/\/buensonido.cl\/index.php?rest_route=%2Fwp%2Fv2%2Fcomments&post=2808"}],"version-history":[{"count":0,"href":"https:\/\/buensonido.cl\/index.php?rest_route=\/wp\/v2\/posts\/2808\/revisions"}],"wp:featuredmedia":[{"embeddable":true,"href":"https:\/\/buensonido.cl\/index.php?rest_route=\/wp\/v2\/media\/2809"}],"wp:attachment":[{"href":"https:\/\/buensonido.cl\/index.php?rest_route=%2Fwp%2Fv2%2Fmedia&parent=2808"}],"wp:term":[{"taxonomy":"category","embeddable":true,"href":"https:\/\/buensonido.cl\/index.php?rest_route=%2Fwp%2Fv2%2Fcategories&post=2808"},{"taxonomy":"post_tag","embeddable":true,"href":"https:\/\/buensonido.cl\/index.php?rest_route=%2Fwp%2Fv2%2Ftags&post=2808"}],"curies":[{"name":"wp","href":"https:\/\/api.w.org\/{rel}","templated":true}]}}