{"id":2805,"date":"2025-12-12T21:18:55","date_gmt":"2025-12-13T00:18:55","guid":{"rendered":"https:\/\/buensonido.cl\/?p=2805"},"modified":"2025-12-12T21:18:55","modified_gmt":"2025-12-13T00:18:55","slug":"coalivi-y-camanchaca-avanzan-en-inclusion-con-visita-a-planta-salmones-adaptada-para-personas-con-discapacidad-visual","status":"publish","type":"post","link":"https:\/\/buensonido.cl\/?p=2805","title":{"rendered":"COALIVI y Camanchaca avanzan en inclusi\u00f3n con visita a planta Salmones adaptada para personas con discapacidad visual"},"content":{"rendered":"\n<p>&nbsp;inicios de diciembre se celebr\u00f3 el D\u00eda Internacional de las Personas con Discapacidad, y en ese marco, Camanchaca desarroll\u00f3 una planificaci\u00f3n integral para seguir avanzando en mayor inclusi\u00f3n al interior de la organizaci\u00f3n. Por eso, este jueves la planta de Salmones ubicada en Tom\u00e9 recibi\u00f3 por primera vez la visita de una delegaci\u00f3n perteneciente a la Corporaci\u00f3n de Ayuda al Limitado Visual (COALIVI), entidad sin fines de lucro con m\u00e1s de 45 a\u00f1os en Concepci\u00f3n, dedicada a la educaci\u00f3n, rehabilitaci\u00f3n e inclusi\u00f3n social de personas con discapacidad visual.<\/p>\n\n\n\n<p>La visita comenz\u00f3 con una instancia de bienvenida y conversaci\u00f3n entre los participantes y los equipos de la planta, creando un ambiente de confianza que permiti\u00f3 compartir experiencias, expectativas y conocimientos previos antes de iniciar el recorrido. Tras esto, la delegaci\u00f3n ingres\u00f3 a las \u00e1reas productivas, donde pudieron conocer de primera fuente el proceso de valor agregado que sigue el salm\u00f3n chileno desde Tom\u00e9 antes de llegar a EE.UU. y los mercados m\u00e1s exigentes del mundo.<\/p>\n\n\n\n<p>Para Gonzalo Alarc\u00f3n, jefe del \u00e1rea de Servicios de la planta de salmones de Camanchaca, la visita \u201cfue una experiencia nueva y maravillosa. Tuvimos la oportunidad de compartir, primero en una sala de reuniones para contarnos experiencias y conocernos mejor antes del recorrido. Nos llam\u00f3 profundamente la atenci\u00f3n su disposici\u00f3n a involucrarse y entender c\u00f3mo funciona nuestra operaci\u00f3n. Esta visita, sin duda, ampli\u00f3 nuestra comprensi\u00f3n sobre la discapacidad visual y marca un punto de inflexi\u00f3n en c\u00f3mo abordamos la inclusi\u00f3n hacia adelante\u201d.<\/p>\n\n\n\n<p>En tanto para Mar\u00eda Gonz\u00e1lez, vecina de Coliumo y participante de la visita, \u201cCamanchaca siempre ha sido muy bondadoso con las visitas, pero aprender tantas cosas que no conoc\u00eda fue maravilloso. Recorrimos distintas \u00e1reas, desde el envasado hasta el congelado, entendiendo c\u00f3mo viaja el salm\u00f3n a otros pa\u00edses. Estoy feliz y agradecida por esta oportunidad\u201d.<\/p>\n\n\n\n<p><strong><u>Talleres<\/u><\/strong><\/p>\n\n\n\n<p>La actividad se suma al trabajo que Camanchaca mantiene con COALIVI. En Coronel, se realiz\u00f3 un taller guiado por profesionales de la Corporaci\u00f3n dirigido a colaboradores, donde realizaron recorridos por circuitos a ciegas, aprendieron herramientas de autonom\u00eda, practicaron escritura en braille y exploraron adaptaciones para baja visi\u00f3n.<\/p>\n\n\n\n<p>La jornada incluy\u00f3 tambi\u00e9n una charla de sensibilizaci\u00f3n que abord\u00f3 las barreras del entorno, la gesti\u00f3n de la credencial de discapacidad y los elementos necesarios para construir entornos laborales realmente inclusivos.<\/p>\n\n\n\n<p>Katiuska Robles, directora ejecutiva de COALIVI, destac\u00f3 el aporte de la iniciativa. \u201cAgradecemos la invitaci\u00f3n de Camanchaca. La experiencia incluy\u00f3 un circuito completamente adaptado para los asistentes de nuestra entidad, un m\u00f3dulo sensorial con actividades de la vida diaria y un espacio para educar en torno al braille. Estas instancias son significativas porque permiten comprender los desaf\u00edos y las barreras que como sociedad podemos ir derribando para avanzar hacia una inclusi\u00f3n real\u201d, concluy\u00f3.<\/p>\n\n\n\n<figure class=\"wp-block-image size-large\"><img decoding=\"async\" src=\"https:\/\/buensonido.cl\/wp-content\/uploads\/2025\/12\/CoaliviCamanchaca-1-1024x467.jpeg\" alt=\"\" class=\"wp-image-2806\"\/><\/figure>\n","protected":false},"excerpt":{"rendered":"<p>&nbsp;inicios de diciembre se celebr\u00f3 el D\u00eda Internacional de las Personas con Discapacidad, y en ese marco, Camanchaca desarroll\u00f3 una planificaci\u00f3n integral para seguir avanzando en mayor inclusi\u00f3n al interior de la organizaci\u00f3n. Por eso, este jueves la planta de Salmones ubicada en Tom\u00e9 recibi\u00f3 por primera vez la visita de una delegaci\u00f3n perteneciente a &hellip;<\/p>\n","protected":false},"author":1,"featured_media":2806,"comment_status":"closed","ping_status":"closed","sticky":false,"template":"","format":"standard","meta":{"footnotes":""},"categories":[16],"tags":[],"class_list":["post-2805","post","type-post","status-publish","format-standard","has-post-thumbnail","hentry","category-actualidad"],"_links":{"self":[{"href":"https:\/\/buensonido.cl\/index.php?rest_route=\/wp\/v2\/posts\/2805","targetHints":{"allow":["GET"]}}],"collection":[{"href":"https:\/\/buensonido.cl\/index.php?rest_route=\/wp\/v2\/posts"}],"about":[{"href":"https:\/\/buensonido.cl\/index.php?rest_route=\/wp\/v2\/types\/post"}],"author":[{"embeddable":true,"href":"https:\/\/buensonido.cl\/index.php?rest_route=\/wp\/v2\/users\/1"}],"replies":[{"embeddable":true,"href":"https:\/\/buensonido.cl\/index.php?rest_route=%2Fwp%2Fv2%2Fcomments&post=2805"}],"version-history":[{"count":0,"href":"https:\/\/buensonido.cl\/index.php?rest_route=\/wp\/v2\/posts\/2805\/revisions"}],"wp:featuredmedia":[{"embeddable":true,"href":"https:\/\/buensonido.cl\/index.php?rest_route=\/wp\/v2\/media\/2806"}],"wp:attachment":[{"href":"https:\/\/buensonido.cl\/index.php?rest_route=%2Fwp%2Fv2%2Fmedia&parent=2805"}],"wp:term":[{"taxonomy":"category","embeddable":true,"href":"https:\/\/buensonido.cl\/index.php?rest_route=%2Fwp%2Fv2%2Fcategories&post=2805"},{"taxonomy":"post_tag","embeddable":true,"href":"https:\/\/buensonido.cl\/index.php?rest_route=%2Fwp%2Fv2%2Ftags&post=2805"}],"curies":[{"name":"wp","href":"https:\/\/api.w.org\/{rel}","templated":true}]}}