{"id":2796,"date":"2025-11-24T16:58:34","date_gmt":"2025-11-24T19:58:34","guid":{"rendered":"https:\/\/buensonido.cl\/?p=2796"},"modified":"2025-11-24T16:58:34","modified_gmt":"2025-11-24T19:58:34","slug":"la-rueda-de-negocios-redes-2025-este-ano-tendra-alcance-internacional","status":"publish","type":"post","link":"https:\/\/buensonido.cl\/?p=2796","title":{"rendered":"La Rueda de Negocios REDES 2025 este a\u00f1o tendr\u00e1 alcance internacional"},"content":{"rendered":"\n<p>Biob\u00edo ser\u00e1 escenario de uno de los encuentros empresariales m\u00e1s relevantes del a\u00f1o con la realizaci\u00f3n de REDES 2025, este 27 de noviembre en el Centro de Eventos Mitrinco. La actividad, organizada por ASEM Biob\u00edo y ProChile, se proyecta como la rueda de negocios m\u00e1s grande del sur de Chile y este a\u00f1o suma un componente clave: la participaci\u00f3n de 10 empresas internacionales.<\/p>\n\n\n\n<p>Humberto Miguel, presidente del directorio de la Asociaci\u00f3n de Empresarios del Biob\u00edo (ASEM Biob\u00edo), destac\u00f3 que el a\u00f1o pasado hubo 600 empresas inscritas y 350 ruedas de negocios, para una Pyme es muy dif\u00edcil conectarse y vincularse con una gran empresa, y este es el espacio que le permite el primer acercamiento. \u201cEsta puerta que abre ASEM, es importante, entendemos que la Pyme tiene que aprovecharla, porque es el primer paso para tener una relaci\u00f3n futura, una relaci\u00f3n comercial, con una gran empresa\u201d, puntualiz\u00f3.<\/p>\n\n\n\n<p>\u201cVienen 10 importadores de 5 mercados distintos: Paraguay, Colombia, Uruguay, Argentina y Per\u00fa, de sectores y servicios forestales, servicios mineros, productos congelados y vinos de nicho. Esperamos obtener m\u00e1s de 300 empresas exportadoras haciendo negocios y poder hacer los mejores cierres, as\u00ed consolidarnos como la rueda de negocios m\u00e1s importante de la zona sur de Chile\u201d, indic\u00f3 Crist\u00f3bal Herrera, Director de la Macrozona Centro Sur de ProChile.<\/p>\n\n\n\n<p>Desde Sercotec, su director regional Mauricio Torres Ferrada, destac\u00f3 que Redes es &nbsp;\u201ces una oportunidad \u00fanica para que nuestras pymes concreten negocios reales y se inserten en cadenas productivas de mayor escala. La llegada de importadores a la regi\u00f3n y la participaci\u00f3n de grandes empresas nacionales abren puertas comerciales que muchas veces son dif\u00edciles de alcanzar para los emprendedores locales. Desde Sercotec reafirmamos nuestro compromiso para acompa\u00f1ar ese salto: apoyar una red de proveedores que generen valor a la gran empresa y acompa\u00f1arlos en la preparaci\u00f3n, la formalizaci\u00f3n y la vinculaci\u00f3n que permitan que m\u00e1s empresas del Biob\u00edo vendan y generen empleos en sus territorios\u201d.<\/p>\n\n\n\n<p>El prop\u00f3sito central de esta edici\u00f3n es abrir nuevas oportunidades de colaboraci\u00f3n para las Pymes locales, adem\u00e1s, posicionar al Biob\u00edo como un territorio competitivo, innovador y estrat\u00e9gico para el desarrollo productivo. Junto con las compa\u00f1\u00edas extranjeras, 20 grandes empresas nacionales participar\u00e1n como principales contrapartes en las reuniones con PYMEs, fomentando alianzas y encadenamientos productivos.<\/p>\n\n\n\n<p><strong>Charlas y Paneles de Conversaci\u00f3n<\/strong><\/p>\n\n\n\n<p>La jornada incluir\u00e1 paneles y bloques tem\u00e1ticos donde participar\u00e1n especialistas como Eduardo Amaro, Jos\u00e9 Miguel Flores, Daniela Hern\u00e1ndez, Tadashi Takaoka, B\u00e1rbara Veyl y Crescente Necochea, abordando temas de estrategia, innovaci\u00f3n, liderazgo, inteligencia artificial y finanzas.<\/p>\n\n\n\n<p>REDES 2025 cuenta con el patrocinio del Comit\u00e9 de Desarrollo Productivo Regional Biob\u00edo, Sercotec Biob\u00edo y Desarrolla Biob\u00edo, y reunir\u00e1 adem\u00e1s a autoridades regionales, gremios y representantes del sector productivo.<\/p>\n\n\n\n<p>Con su enfoque internacional y su apuesta por fortalecer la colaboraci\u00f3n entre empresas, REDES 2025 busca consolidar al Biob\u00edo como un polo empresarial atractivo y articulado con Latinoam\u00e9rica.<\/p>\n\n\n\n<p>El programa de la actividad y la ficha de inscripci\u00f3n se puede encontrar en&nbsp;<a href=\"http:\/\/redesasem.cl\/\" target=\"_blank\" rel=\"noreferrer noopener\">redesasem.cl<\/a>.&nbsp;<\/p>\n\n\n\n<figure class=\"wp-block-image size-full\"><img decoding=\"async\" src=\"https:\/\/buensonido.cl\/wp-content\/uploads\/2025\/11\/redes1.jpg\" alt=\"\" class=\"wp-image-2797\"\/><\/figure>\n","protected":false},"excerpt":{"rendered":"<p>Biob\u00edo ser\u00e1 escenario de uno de los encuentros empresariales m\u00e1s relevantes del a\u00f1o con la realizaci\u00f3n de REDES 2025, este 27 de noviembre en el Centro de Eventos Mitrinco. La actividad, organizada por ASEM Biob\u00edo y ProChile, se proyecta como la rueda de negocios m\u00e1s grande del sur de Chile y este a\u00f1o suma un &hellip;<\/p>\n","protected":false},"author":1,"featured_media":2797,"comment_status":"closed","ping_status":"closed","sticky":false,"template":"","format":"standard","meta":{"footnotes":""},"categories":[16],"tags":[],"class_list":["post-2796","post","type-post","status-publish","format-standard","has-post-thumbnail","hentry","category-actualidad"],"_links":{"self":[{"href":"https:\/\/buensonido.cl\/index.php?rest_route=\/wp\/v2\/posts\/2796","targetHints":{"allow":["GET"]}}],"collection":[{"href":"https:\/\/buensonido.cl\/index.php?rest_route=\/wp\/v2\/posts"}],"about":[{"href":"https:\/\/buensonido.cl\/index.php?rest_route=\/wp\/v2\/types\/post"}],"author":[{"embeddable":true,"href":"https:\/\/buensonido.cl\/index.php?rest_route=\/wp\/v2\/users\/1"}],"replies":[{"embeddable":true,"href":"https:\/\/buensonido.cl\/index.php?rest_route=%2Fwp%2Fv2%2Fcomments&post=2796"}],"version-history":[{"count":0,"href":"https:\/\/buensonido.cl\/index.php?rest_route=\/wp\/v2\/posts\/2796\/revisions"}],"wp:featuredmedia":[{"embeddable":true,"href":"https:\/\/buensonido.cl\/index.php?rest_route=\/wp\/v2\/media\/2797"}],"wp:attachment":[{"href":"https:\/\/buensonido.cl\/index.php?rest_route=%2Fwp%2Fv2%2Fmedia&parent=2796"}],"wp:term":[{"taxonomy":"category","embeddable":true,"href":"https:\/\/buensonido.cl\/index.php?rest_route=%2Fwp%2Fv2%2Fcategories&post=2796"},{"taxonomy":"post_tag","embeddable":true,"href":"https:\/\/buensonido.cl\/index.php?rest_route=%2Fwp%2Fv2%2Ftags&post=2796"}],"curies":[{"name":"wp","href":"https:\/\/api.w.org\/{rel}","templated":true}]}}