{"id":2781,"date":"2025-11-18T10:35:08","date_gmt":"2025-11-18T13:35:08","guid":{"rendered":"https:\/\/buensonido.cl\/?p=2781"},"modified":"2025-11-18T10:35:08","modified_gmt":"2025-11-18T13:35:08","slug":"inician-las-obras-de-reposicion-del-cesfam-los-cerros-con-la-colocacion-de-su-primera-piedra","status":"publish","type":"post","link":"https:\/\/buensonido.cl\/?p=2781","title":{"rendered":"Inician las obras de reposici\u00f3n del CESFAM Los Cerros con la colocaci\u00f3n de su primera piedra"},"content":{"rendered":"\n<p>Con la colocaci\u00f3n de la primera piedra se dio inicio oficial a las&nbsp;<strong>obras de reposici\u00f3n del CESFAM Los Cerros<\/strong>, proyecto que contempla una&nbsp;<strong>inversi\u00f3n superior a los $12 mil trescientos millones&nbsp;<\/strong>y que&nbsp;<strong>beneficiar\u00e1 a cerca de 30 mil personas<\/strong>&nbsp;de la comuna de Talcahuano. Durante la ceremonia, en la que particip\u00f3 el Subsecretario General de Gobierno, Erwin D\u00edaz, junto con autoridades regionales, dirigentes sociales y comunidad funcionaria, se destac\u00f3 la importancia de esta construcci\u00f3n para avanzar hacia una&nbsp;<strong>salud m\u00e1s digna, equitativa y cercana<\/strong>.<\/p>\n\n\n\n<p>Bajo este contexto, el&nbsp;<strong>Delegado Presidencial del Biob\u00edo, Eduardo Pacheco<\/strong>, recalc\u00f3 que la salud es una prioridad y destac\u00f3 el alto impacto de esta inversi\u00f3n para el bienestar de las personas, ya que permitir\u00e1 contar con un nuevo y moderno edificio. \u201cCreo que es una muestra del trabajo que se ha impulsado de manera decidida en materia de atenci\u00f3n primaria por parte del Gobierno del Presidente Gabriel Boric. Hemos entregado reposiciones en seis postas rurales,&nbsp;seis nuevos CESFAM, cinco en construcci\u00f3n y tres centros de salud mental,&nbsp;estos \u00faltimos un tema de gran relevancia para el Gobierno\u201d, puntualiz\u00f3 la autoridad.<\/p>\n\n\n\n<p>En la misma l\u00ednea, el&nbsp;<strong>Director del Servicio de Salud Talcahuano, Dr. Jorge Ramos Vargas<\/strong>, destac\u00f3 que esta es una de las iniciativas incorporadas en el plan de inversiones que busca fortalecer la red de salud p\u00fablica y que&nbsp;va a aumentar la calidad y la dignidad&nbsp;de la poblaci\u00f3n de Los Cerros y de su comunidad funcionaria. En este sentido, la autoridad explic\u00f3 que, \u201ces un 40% m\u00e1s de infraestructura y 12.500 millones de pesos, que van a abordar tanto la infraestructura como tambi\u00e9n lo que tiene que ver con el equipamiento. En el fondo vamos a tener un poco m\u00e1s de 33 box para distintas actividades,&nbsp;tanto multiprop\u00f3sito como boxes dentales y box ginecol\u00f3gico.&nbsp;Adem\u00e1s, contar\u00e1 con tres salas para trabajar en grupo con la comunidad y estar\u00e1 junto al SAR que ya est\u00e1 construido, pero se va a unir con \u00e9l a trav\u00e9s de conexiones, por lo tanto, va a quedar solo una sola unidad sanitaria\u201d.<\/p>\n\n\n\n<p>Por su parte, el&nbsp;<strong>alcalde de Talcahuano, Eduardo Saavedra<\/strong>, expres\u00f3 su satisfacci\u00f3n por el inicio de las obras, manifestando que, \u201cesta es una tremenda noticia para Talcahuano, y la verdad de las cosas es que nos sentimos orgullosos, felices y muy agradecidos de lo que est\u00e1 haciendo el presidente Gabriel Boric en Talcahuano\u201d. &nbsp;Adem\u00e1s, agreg\u00f3, que \u201cm\u00e1s all\u00e1 de las cifras, los montos, los metros cuadrados,&nbsp;esto va a permitir mejorar la atenci\u00f3n a miles de usuarios&nbsp;que hoy d\u00eda se atienden en los dispositivos de Los Cerros de Talcahuano\u201d.<\/p>\n\n\n\n<p>Para uno de los&nbsp;<strong>dirigentes vecinales de Los Cerros, Jorge Concha Garrido<\/strong>, esta obra viene a cumplir un esperado anhelo, no solo para \u00e9l sino tambi\u00e9n para sus vecinos. En este sentido, expres\u00f3 que \u201cal fin podemos contar con este nuevo servicio&nbsp;que realmente va a ayudar bastante a la comunidad y felicito al personal m\u00e9dico que trabaja bastante,&nbsp;saca fuerza de flaqueza, incluso ayudando m\u00e1s all\u00e1 de lo que le corresponde\u201d. &nbsp;<\/p>\n\n\n\n<figure class=\"wp-block-image size-large\"><img decoding=\"async\" src=\"https:\/\/buensonido.cl\/wp-content\/uploads\/2025\/11\/1%C2%B0-PIEDRA-CESFAM-LOS-CERROS_4-1024x768.jpeg\" alt=\"\" class=\"wp-image-2782\"\/><\/figure>\n","protected":false},"excerpt":{"rendered":"<p>Con la colocaci\u00f3n de la primera piedra se dio inicio oficial a las&nbsp;obras de reposici\u00f3n del CESFAM Los Cerros, proyecto que contempla una&nbsp;inversi\u00f3n superior a los $12 mil trescientos millones&nbsp;y que&nbsp;beneficiar\u00e1 a cerca de 30 mil personas&nbsp;de la comuna de Talcahuano. Durante la ceremonia, en la que particip\u00f3 el Subsecretario General de Gobierno, Erwin D\u00edaz, &hellip;<\/p>\n","protected":false},"author":1,"featured_media":2783,"comment_status":"closed","ping_status":"closed","sticky":false,"template":"","format":"standard","meta":{"footnotes":""},"categories":[16],"tags":[],"class_list":["post-2781","post","type-post","status-publish","format-standard","has-post-thumbnail","hentry","category-actualidad"],"_links":{"self":[{"href":"https:\/\/buensonido.cl\/index.php?rest_route=\/wp\/v2\/posts\/2781","targetHints":{"allow":["GET"]}}],"collection":[{"href":"https:\/\/buensonido.cl\/index.php?rest_route=\/wp\/v2\/posts"}],"about":[{"href":"https:\/\/buensonido.cl\/index.php?rest_route=\/wp\/v2\/types\/post"}],"author":[{"embeddable":true,"href":"https:\/\/buensonido.cl\/index.php?rest_route=\/wp\/v2\/users\/1"}],"replies":[{"embeddable":true,"href":"https:\/\/buensonido.cl\/index.php?rest_route=%2Fwp%2Fv2%2Fcomments&post=2781"}],"version-history":[{"count":0,"href":"https:\/\/buensonido.cl\/index.php?rest_route=\/wp\/v2\/posts\/2781\/revisions"}],"wp:featuredmedia":[{"embeddable":true,"href":"https:\/\/buensonido.cl\/index.php?rest_route=\/wp\/v2\/media\/2783"}],"wp:attachment":[{"href":"https:\/\/buensonido.cl\/index.php?rest_route=%2Fwp%2Fv2%2Fmedia&parent=2781"}],"wp:term":[{"taxonomy":"category","embeddable":true,"href":"https:\/\/buensonido.cl\/index.php?rest_route=%2Fwp%2Fv2%2Fcategories&post=2781"},{"taxonomy":"post_tag","embeddable":true,"href":"https:\/\/buensonido.cl\/index.php?rest_route=%2Fwp%2Fv2%2Ftags&post=2781"}],"curies":[{"name":"wp","href":"https:\/\/api.w.org\/{rel}","templated":true}]}}