{"id":2766,"date":"2025-11-13T19:56:51","date_gmt":"2025-11-13T22:56:51","guid":{"rendered":"https:\/\/buensonido.cl\/?p=2766"},"modified":"2025-11-13T19:56:51","modified_gmt":"2025-11-13T22:56:51","slug":"historico-avance-en-isla-mocha-vecinos-del-sector-sur-de-laisla-reciben-actas-de-radicacion-de-bienes-nacionales","status":"publish","type":"post","link":"https:\/\/buensonido.cl\/?p=2766","title":{"rendered":"Hist\u00f3rico avance en Isla Mocha: Vecinos del sector sur de laisla reciben actas de radicaci\u00f3n de Bienes Nacionales"},"content":{"rendered":"\n<p>Tras m\u00e1s de dos d\u00e9cadas, familias del sector sur de Isla Mocha recibieron de manos<br>del seremi de Bienes Nacionales, Sebasti\u00e1n Artiaga, sus actas de radicaci\u00f3n, documento<br>que reconoce oficialmente la ocupaci\u00f3n hist\u00f3rica de los terrenos y constituye un paso<br>clave hacia la obtenci\u00f3n de sus t\u00edtulos de dominio.<\/p>\n\n\n\n<p><br>La ceremonia de entrega, fue parte central de un Gobierno en Terreno, realizado<br>en la isla junto a equipos de la delegaci\u00f3n presidencial regional, del municipio de Lebu y<br>de la delegaci\u00f3n presidencial provincial, y que fue encabezado por el seremi de Bienes<br>Nacionales del Biob\u00edo, Sebasti\u00e1n Artiaga, quien destac\u00f3 el significado de este hito para las<br>comunidades insulares: \u201cHoy como Seremi de Bienes Nacionales llegamos en un viaje hist\u00f3rico hasta la isla Mocha, cumpliendo con una deuda que el Estado de Chile ten\u00eda con los isle\u00f1os.<br>Entregamos las primeras 13 actas de radicaci\u00f3n en el sector sur de la isla, reconociendo el<br>derecho que tienen los isle\u00f1os a habitar esta tierra que han trabajado junto a sus familias<br>con esfuerzo, sacrificio y pese al aislamiento han hecho patria en este sector de la regi\u00f3n<br>del Biob\u00edo\u201d, se\u00f1al\u00f3 la autoridad regional.<\/p>\n\n\n\n<p><br>Las actas de radicaci\u00f3n son documentos emitidos por el Ministerio de Bienes<br>Nacionales que permiten reconocer oficialmente la ocupaci\u00f3n hist\u00f3rica de terrenos<br>fiscales y dar continuidad al proceso de regularizaci\u00f3n, garantizando la propiedad a<br>familias que por a\u00f1os han habitado y trabajado en el territorio.<br>Entre los beneficiados, Sergio Beltr\u00e1n Varela, nacido y criado en la isla, no ocult\u00f3 su<br>emoci\u00f3n al recibir este documento: \u201cno se imaginan c\u00f3mo salta el coraz\u00f3n. Este es un<br>anhelo, de tantos a\u00f1os luchando para poder obtener este pedacito de Chile. As\u00ed es que<br>estoy muy, pero muy feliz\u201d.<\/p>\n\n\n\n<p><br>La alegr\u00eda tambi\u00e9n fue compartida por Gloria Gonz\u00e1lez Astete, quien se\u00f1al\u00f3<br>sentirse contenta y orgullosa por contar finalmente con un documento que le d\u00e9 certeza<br>sobre la tierra que habitaron y por la cual lucharon sus padres. \u201cEstoy agradecida de Dios y tambi\u00e9n de la se\u00f1ora Lili, que estuvo tanto tiempo haciendo estos tr\u00e1mites y nosotros la apoyamos. Y tambi\u00e9n le doy gracias al Presidente, porque \u00e9l tambi\u00e9n nos apoy\u00f3\u201d.<\/p>\n\n\n\n<p>Dialogo y Gobierno en Terreno<br>Otro de los hitos de la visita fue un di\u00e1logo ciudadano con vecinos del sector norte<br>de la isla, donde se abordaron distintos temas de inter\u00e9s para el desarrollo y futuro de la<br>comunidad mochana.<\/p>\n\n\n\n<p><br>Durante la jornada, los vecinos valoraron la presencia de las autoridades y el<br>trabajo en terreno del Ministerio de Bienes Nacionales.<br>As\u00ed lo expres\u00f3 Juan Carlos Urra, presidente de la Junta de Vecinos Norte: \u201cEstamos<br>felices con esta nueva visita porque se nota que est\u00e1n pendientes de la isla. Estas<br>reuniones, son una oportunidad para que los vecinos hagan sus preguntas, planteen sus<br>dudas, y conozcan qu\u00e9 proyectos vienen para nuestra isla. Nos da alegr\u00eda ver que tambi\u00e9n<br>pertenecemos a Chile\u201d, afirm\u00f3.<\/p>\n\n\n\n<p><br>El seremi Sebasti\u00e1n Artiaga, junto con dialogar y aclarar dudas de los vecinos,<br>destac\u00f3 el trabajo que como gobierno se ha estado realizando en la isla, trabajo que el<br>Gobierno en Terreno y equipos de Bienes Nacionales ha estado realizando de manera<br>regular en la isla: \u201cTenemos la convicci\u00f3n profunda de que el Gobierno y el Estado deben<br>estar presentes en todos los rincones del pa\u00eds. Seguiremos viniendo, escuchando y<br>trabajando junto a las comunidades para seguir avanzando en soluciones concretas\u201d.<br>Con esta entrega de 13 actas de radicaci\u00f3n, el Ministerio de Bienes Nacionales<br>reafirma su compromiso de acercar el Estado a los territorios m\u00e1s aislados y de garantizar<br>el derecho a la propiedad para las familias del Biob\u00edo, fortaleciendo el arraigo y la<br>identidad de las comunidades insulares.<\/p>\n\n\n\n<figure class=\"wp-block-image size-large\"><img decoding=\"async\" src=\"https:\/\/buensonido.cl\/wp-content\/uploads\/2025\/11\/2-1024x768.jpg\" alt=\"\" class=\"wp-image-2767\"\/><\/figure>\n\n\n\n<figure class=\"wp-block-image size-large\"><img decoding=\"async\" src=\"https:\/\/buensonido.cl\/wp-content\/uploads\/2025\/11\/3-1024x768.jpg\" alt=\"\" class=\"wp-image-2768\"\/><\/figure>\n","protected":false},"excerpt":{"rendered":"<p>Tras m\u00e1s de dos d\u00e9cadas, familias del sector sur de Isla Mocha recibieron de manosdel seremi de Bienes Nacionales, Sebasti\u00e1n Artiaga, sus actas de radicaci\u00f3n, documentoque reconoce oficialmente la ocupaci\u00f3n hist\u00f3rica de los terrenos y constituye un pasoclave hacia la obtenci\u00f3n de sus t\u00edtulos de dominio. La ceremonia de entrega, fue parte central de un &hellip;<\/p>\n","protected":false},"author":1,"featured_media":2768,"comment_status":"closed","ping_status":"closed","sticky":false,"template":"","format":"standard","meta":{"footnotes":""},"categories":[16],"tags":[],"class_list":["post-2766","post","type-post","status-publish","format-standard","has-post-thumbnail","hentry","category-actualidad"],"_links":{"self":[{"href":"https:\/\/buensonido.cl\/index.php?rest_route=\/wp\/v2\/posts\/2766","targetHints":{"allow":["GET"]}}],"collection":[{"href":"https:\/\/buensonido.cl\/index.php?rest_route=\/wp\/v2\/posts"}],"about":[{"href":"https:\/\/buensonido.cl\/index.php?rest_route=\/wp\/v2\/types\/post"}],"author":[{"embeddable":true,"href":"https:\/\/buensonido.cl\/index.php?rest_route=\/wp\/v2\/users\/1"}],"replies":[{"embeddable":true,"href":"https:\/\/buensonido.cl\/index.php?rest_route=%2Fwp%2Fv2%2Fcomments&post=2766"}],"version-history":[{"count":0,"href":"https:\/\/buensonido.cl\/index.php?rest_route=\/wp\/v2\/posts\/2766\/revisions"}],"wp:featuredmedia":[{"embeddable":true,"href":"https:\/\/buensonido.cl\/index.php?rest_route=\/wp\/v2\/media\/2768"}],"wp:attachment":[{"href":"https:\/\/buensonido.cl\/index.php?rest_route=%2Fwp%2Fv2%2Fmedia&parent=2766"}],"wp:term":[{"taxonomy":"category","embeddable":true,"href":"https:\/\/buensonido.cl\/index.php?rest_route=%2Fwp%2Fv2%2Fcategories&post=2766"},{"taxonomy":"post_tag","embeddable":true,"href":"https:\/\/buensonido.cl\/index.php?rest_route=%2Fwp%2Fv2%2Ftags&post=2766"}],"curies":[{"name":"wp","href":"https:\/\/api.w.org\/{rel}","templated":true}]}}