{"id":2763,"date":"2025-11-13T19:44:19","date_gmt":"2025-11-13T22:44:19","guid":{"rendered":"https:\/\/buensonido.cl\/?p=2763"},"modified":"2025-11-13T19:44:19","modified_gmt":"2025-11-13T22:44:19","slug":"abren-postulaciones-al-sello-que-reconoce-a-las-mipymes-y-cooperativas-sustentables-del-pais","status":"publish","type":"post","link":"https:\/\/buensonido.cl\/?p=2763","title":{"rendered":"Abren postulaciones al sello que reconoce a las mipymes y cooperativas sustentables del pa\u00eds"},"content":{"rendered":"\n<p>Para las micro o peque\u00f1a empresa que han implementado medidas innovadoras de cuidado ambiental, o lideran una cooperativa con destacadas acciones en gesti\u00f3n sostenible, se ha creado un sello que busca reconocer este tipo de avances sustentables en los negocios de menor tama\u00f1o del pa\u00eds.&nbsp; As\u00ed lo dio a conocer Sercotec y la Facultad de Econom\u00eda y Negocios de la Universidad de Chile, entidades que encabezaron el lanzamiento de una nueva versi\u00f3n del&nbsp;<strong>Sello Impacta Sustentable<\/strong>.<\/p>\n\n\n\n<p>La iniciativa creada en el a\u00f1o 2024 acompa\u00f1a a las mipymes y cooperativas en su transici\u00f3n hacia la sostenibilidad con una distinci\u00f3n para las empresas que presenten altos niveles de sostenibilidad, adem\u00e1s de un proceso de asesor\u00edas especializadas para profundizar el accionar sustentable de sus negocios.<\/p>\n\n\n\n<p>Al respecto, la&nbsp;<strong>gerenta general de Sercotec, Mar\u00eda Jos\u00e9 Becerra Moro<\/strong>, coment\u00f3 que \u201cel contexto global marcado por la urgencia de enfrentar el cambio clim\u00e1tico nos desaf\u00eda a transitar hacia modelos de desarrollo m\u00e1s sostenibles, un proceso en el que las mipymes y cooperativas pueden jugar un rol muy relevante. Con \u00e9xito vemos a diario como las empresas de menor tama\u00f1o de nuestro pa\u00eds se est\u00e1n adaptando a esta nueva realidad, con innovaciones y modelos de gesti\u00f3n cada vez m\u00e1s sustentables, un esfuerzo que buscamos reconocer a trav\u00e9s del Sello Impacta Sustentable que abri\u00f3 un nuevo proceso de postulaciones nacionales. Esta excelente alianza con la FEN U Chile, adem\u00e1s de distinguir los avances sostenibles alcanzados, fomenta a las empresas a profundizar su camino en esta tem\u00e1tica a trav\u00e9s de una asesor\u00eda especializada en sustentabilidad, que les permita seguir robusteciendo su gesti\u00f3n empresarial y continuar fortaleciendo su competitividad\u201d.<\/p>\n\n\n\n<p>Por su parte, la&nbsp;<strong>jefa de Responsabilidad Social Universitaria de FEN UChile, Camila Fara<\/strong>, detall\u00f3 que las empresas que resulten seleccionadas podr\u00e1n acceder a diferentes categor\u00edas del Sello seg\u00fan el grado de avance en sostenibilidad que presenten sus negocios. \u201cQueremos invitar a participar de este Sello Impacta Sustentable que estamos lanzando por segundo a\u00f1o consecutivo la Facultad de Econom\u00eda y Negocios junto con Sercotec. Este Sello cuenta con tres niveles a los que las empresas pueden optar, llamados Eleva, Traves\u00eda y Cumbre. Estamos muy felices de mantener esta alianza y de generar valor para las empresas de menor tama\u00f1o\u201d, se\u00f1al\u00f3.<\/p>\n\n\n\n<p>Para el otorgamiento del Sello, las empresas que completen correctamente su postulaci\u00f3n ser\u00e1n evaluadas en 36 criterios orientados a conocer sus niveles de sostenibilidad, identificando acciones en los diferentes aspectos que componen la empresa, abarcando su modelo de negocio, su proceso productivo, su gobierno empresarial, su gesti\u00f3n administrativa y criterios relacionados al personal.<\/p>\n\n\n\n<p>Junto con el reconocimiento que recibir\u00e1n, las empresas que resulten seleccionadas tendr\u00e1n acceso a una asesor\u00eda empresarial especializada para profundizar la transici\u00f3n sustentable de su negocio. Mediante esta asesor\u00eda se realizar\u00e1 un diagn\u00f3stico integral, acompa\u00f1amiento t\u00e9cnico y orientaci\u00f3n para implementar mejoras en eficiencia energ\u00e9tica, gesti\u00f3n de residuos, uso responsable del agua, pr\u00e1cticas laborales, entre otros \u00e1mbitos.<\/p>\n\n\n\n<p>\u201cEl Biob\u00edo es una regi\u00f3n con una fuerte identidad productiva y un ecosistema emprendedor muy activo. Desde Sercotec queremos visibilizar y apoyar a las mipymes que est\u00e1n innovando con conciencia ambiental, porque su trabajo no solo impulsa la econom\u00eda local, sino que tambi\u00e9n aporta a construir un futuro m\u00e1s sostenible para nuestros territorios\u201d, se\u00f1al\u00f3 el director de Sercotec Biob\u00edo, Mauricio Torres Ferrada.<\/p>\n\n\n\n<p><strong>La convocatoria estar\u00e1 abierta hasta el martes 18 de noviembre a las 12:00 horas. Para postular y revisar las bases del proceso se debe acceder a&nbsp;<a href=\"http:\/\/www.sercotec.cl\/\" target=\"_blank\" rel=\"noreferrer noopener\">www.sercotec.cl<\/a>.<\/strong><\/p>\n\n\n\n<figure class=\"wp-block-image size-large\"><img decoding=\"async\" src=\"https:\/\/buensonido.cl\/wp-content\/uploads\/2025\/11\/Lanzamiento-Sello-Impacta-Sustentable-1024x683.jpg\" alt=\"\" class=\"wp-image-2764\"\/><\/figure>\n","protected":false},"excerpt":{"rendered":"<p>Para las micro o peque\u00f1a empresa que han implementado medidas innovadoras de cuidado ambiental, o lideran una cooperativa con destacadas acciones en gesti\u00f3n sostenible, se ha creado un sello que busca reconocer este tipo de avances sustentables en los negocios de menor tama\u00f1o del pa\u00eds.&nbsp; As\u00ed lo dio a conocer Sercotec y la Facultad de &hellip;<\/p>\n","protected":false},"author":1,"featured_media":2764,"comment_status":"closed","ping_status":"closed","sticky":false,"template":"","format":"standard","meta":{"footnotes":""},"categories":[16],"tags":[],"class_list":["post-2763","post","type-post","status-publish","format-standard","has-post-thumbnail","hentry","category-actualidad"],"_links":{"self":[{"href":"https:\/\/buensonido.cl\/index.php?rest_route=\/wp\/v2\/posts\/2763","targetHints":{"allow":["GET"]}}],"collection":[{"href":"https:\/\/buensonido.cl\/index.php?rest_route=\/wp\/v2\/posts"}],"about":[{"href":"https:\/\/buensonido.cl\/index.php?rest_route=\/wp\/v2\/types\/post"}],"author":[{"embeddable":true,"href":"https:\/\/buensonido.cl\/index.php?rest_route=\/wp\/v2\/users\/1"}],"replies":[{"embeddable":true,"href":"https:\/\/buensonido.cl\/index.php?rest_route=%2Fwp%2Fv2%2Fcomments&post=2763"}],"version-history":[{"count":0,"href":"https:\/\/buensonido.cl\/index.php?rest_route=\/wp\/v2\/posts\/2763\/revisions"}],"wp:featuredmedia":[{"embeddable":true,"href":"https:\/\/buensonido.cl\/index.php?rest_route=\/wp\/v2\/media\/2764"}],"wp:attachment":[{"href":"https:\/\/buensonido.cl\/index.php?rest_route=%2Fwp%2Fv2%2Fmedia&parent=2763"}],"wp:term":[{"taxonomy":"category","embeddable":true,"href":"https:\/\/buensonido.cl\/index.php?rest_route=%2Fwp%2Fv2%2Fcategories&post=2763"},{"taxonomy":"post_tag","embeddable":true,"href":"https:\/\/buensonido.cl\/index.php?rest_route=%2Fwp%2Fv2%2Ftags&post=2763"}],"curies":[{"name":"wp","href":"https:\/\/api.w.org\/{rel}","templated":true}]}}