{"id":2754,"date":"2025-11-13T19:36:39","date_gmt":"2025-11-13T22:36:39","guid":{"rendered":"https:\/\/buensonido.cl\/?p=2754"},"modified":"2025-11-13T19:36:39","modified_gmt":"2025-11-13T22:36:39","slug":"conecta-coronel-reunio-a-mas-de-400-emprendedores-del-sur-del-biobio-en-jornada-de-vinculacion-empresarial","status":"publish","type":"post","link":"https:\/\/buensonido.cl\/?p=2754","title":{"rendered":"Conecta Coronel reuni\u00f3 a m\u00e1s de 400 emprendedores del sur del Biob\u00edo en jornada de vinculaci\u00f3n empresarial"},"content":{"rendered":"\n<p>En el centro de eventos Corma de Coronel se desarroll\u00f3 el primer Encuentro Empresarial Multisectorial al Sur del Biob\u00edo, denominado&nbsp;<em>Conecta Coronel<\/em>, que convoc\u00f3 a m\u00e1s de 400 emprendedores de Coronel, San Pedro, Lota y la provincia de Arauco. La jornada tuvo como objetivo promover la colaboraci\u00f3n entre grandes, medianas y peque\u00f1as empresas, generando instancias de conexi\u00f3n real y nuevas oportunidades de negocio.<\/p>\n\n\n\n<p>El encuentro \u2014organizado por Sercotec, la Municipalidad de Coronel, Colb\u00fan, ASEM Biob\u00edo y el Comit\u00e9 de Desarrollo Productivo Regional\u2014 cont\u00f3 con la presencia del alcalde Boris Chamorro; los diputados Marl\u00e9n P\u00e9rez y Sergio Bobadilla; los seremis de Medio Ambiente, Pablo Pinto, y de Econom\u00eda, Fomento y Turismo, Javier Sep\u00falveda; la directora ejecutiva de Corfo Biob\u00edo, Roberta Lama; el presidente de ASEM Biob\u00edo, Humberto Miguel; y el director regional de Sercotec, Mauricio Torres Ferrada, entre otras autoridades e invitados.<\/p>\n\n\n\n<p>Para Torres, la actividad marc\u00f3 un hito en la zona sur del Biob\u00edo. \u201cEsta es la primera actividad que realizamos en Coronel, o al sur del Biob\u00edo, con empresarios y la red de proveedores de la gran empresa\u201d, explic\u00f3. Agreg\u00f3 que m\u00e1s de veinte compa\u00f1\u00edas \u2014entre ellas Camanchaca, Puertos de Coronel, Colb\u00fan, Oxiquim y Empresas Arauco\u2014 \u201cse comprometieron a participar y abrir espacios de di\u00e1logo que permitan a los peque\u00f1os negocios convertirse en agregadores de valor para la gran industria\u201d.<\/p>\n\n\n\n<p>El director regional de Sercotec destac\u00f3 adem\u00e1s la alianza con Colb\u00fan y el rol articulador del encuentro: \u201cHemos ido construyendo una relaci\u00f3n con el Centro de Emprendimiento de Coronel que ha permitido beneficiar a emprendedores de la zona. Por ejemplo, en el fondo&nbsp;<em>Crece Sostenible<\/em>, varios de ellos se adjudicaron recursos gracias a esa articulaci\u00f3n. Por eso decimos que Colb\u00fan se ha transformado en un socio estrat\u00e9gico en Coronel, Lota y la provincia del Biob\u00edo\u201d.<\/p>\n\n\n\n<p>Por su parte, el subgerente regional de BancoEstado Tecnoempresas, Jaime Ram\u00edrez, valor\u00f3 la masiva convocatoria y el esp\u00edritu colaborativo de la jornada. \u201cHoy estamos ante una actividad de lujo, y es un orgullo participar en esta primera versi\u00f3n. Coronel necesita estos espacios donde las micro, peque\u00f1as y grandes empresas, junto a instituciones p\u00fablicas y privadas, podamos trabajar colaborativamente para hacer crecer los negocios\u201d, coment\u00f3.<\/p>\n\n\n\n<p>Ram\u00edrez a\u00f1adi\u00f3 que lo m\u00e1s destacable fue la conexi\u00f3n espont\u00e1nea entre los asistentes: \u201cLa vinculaci\u00f3n se dio de manera natural, todos se conectaron f\u00e1cilmente y comenzaron a generar negocios. En la medida que podamos conectar los emprendimientos y trabajar juntos, se crean oportunidades reales de crecimiento. Si a las empresas les va bien, le va bien a la comuna\u201d.<\/p>\n\n\n\n<p>En tanto, el especialista senior en Asuntos P\u00fablicos de Colb\u00fan, Gonzalo Gonz\u00e1lez, subray\u00f3 el car\u00e1cter integrador de la jornada: \u201cConecta Coronel logr\u00f3 reunir grandes empresas junto a emprendedores y pymes. Fue una jornada muy enriquecedora, en la que hemos podido conectar a todo el ecosistema del sur del Biob\u00edo, con un gran despliegue de Sercotec, la Agencia de Desarrollo, la Municipalidad y nuestro Centro de Emprendimiento\u201d, se\u00f1al\u00f3.<\/p>\n\n\n\n<p>Gonz\u00e1lez destac\u00f3 adem\u00e1s el entusiasmo de los participantes: \u201cEstamos muy contentos porque nuestros emprendedores se volcaron a ser parte de este encuentro, que sin duda no ser\u00e1 el \u00faltimo. Es el inicio de un gran avance para el fortalecimiento del ecosistema emprendedor del Biob\u00edo y de la comunidad de Coronel\u201d.<\/p>\n\n\n\n<p><strong><br>Emprendedores refuerzan v\u00ednculos<\/strong>\u2028\u2028<\/p>\n\n\n\n<p>La emprendedora Loreto Navarrete, fundadora de Marina Alimentos, valor\u00f3 el esp\u00edritu colaborativo y la oportunidad de ampliar redes: \u201cEs una iniciativa donde podemos vincularnos y conocer este ecosistema que tanto nos apasiona. Agradezco la oportunidad de dar a conocer nuestros productos y tambi\u00e9n de conectar con otras mujeres emprendedoras, porque adem\u00e1s soy mentora y me interesa invitarlas a participar de este mundo que ofrece tantas oportunidades\u201d.<\/p>\n\n\n\n<p>En tanto, el presidente de ASEM Biob\u00edo, Humberto Miguel, destac\u00f3 los resultados de la jornada. \u201cHa superado todas las expectativas. Tuvimos m\u00e1s de 400 emprendedores presentes y m\u00e1s de 20 grandes empresas participando. El objetivo de vincular a los emprendedores con compa\u00f1\u00edas de mayor tama\u00f1o se logr\u00f3 plenamente\u201d, afirm\u00f3. A\u00f1adi\u00f3 que las ponencias de la jornada \u201cfueron un aporte real al fortalecimiento del sector, y ojal\u00e1 que instancias como esta se repitan no solo en Coronel, sino tambi\u00e9n en otras comunas de la regi\u00f3n del Biob\u00edo\u201d.<\/p>\n\n\n\n<p>El encuentro cont\u00f3 adem\u00e1s con exposiciones inspiradoras, entre ellas la del empresario Reinaldo Lippi, fundador de la reconocida marca outdoor, quien comparti\u00f3 su experiencia y aprendizajes en el mundo del emprendimiento.<\/p>\n\n\n\n<p>La actividad culmin\u00f3 con un segundo d\u00eda de conferencias en el Teatro de Lota, evento que cont\u00f3 con la presencia del alcalde de la comuna, Jaime V\u00e1squez, y del director del CFT Lota Arauco de la Universidad de Concepci\u00f3n, Patricio P\u00e9rez Vergara, quienes destacaron la relevancia de extender este tipo de iniciativas a toda la cuenca del carb\u00f3n.<\/p>\n\n\n\n<figure class=\"wp-block-image size-large\"><img decoding=\"async\" src=\"https:\/\/buensonido.cl\/wp-content\/uploads\/2025\/11\/04-1024x768.jpeg\" alt=\"\" class=\"wp-image-2755\"\/><\/figure>\n\n\n\n<figure class=\"wp-block-image size-large\"><img decoding=\"async\" src=\"https:\/\/buensonido.cl\/wp-content\/uploads\/2025\/11\/03-1024x768.jpeg\" alt=\"\" class=\"wp-image-2756\"\/><\/figure>\n\n\n\n<figure class=\"wp-block-image size-large\"><img decoding=\"async\" src=\"https:\/\/buensonido.cl\/wp-content\/uploads\/2025\/11\/05-1024x768.jpeg\" alt=\"\" class=\"wp-image-2757\"\/><\/figure>\n","protected":false},"excerpt":{"rendered":"<p>En el centro de eventos Corma de Coronel se desarroll\u00f3 el primer Encuentro Empresarial Multisectorial al Sur del Biob\u00edo, denominado&nbsp;Conecta Coronel, que convoc\u00f3 a m\u00e1s de 400 emprendedores de Coronel, San Pedro, Lota y la provincia de Arauco. La jornada tuvo como objetivo promover la colaboraci\u00f3n entre grandes, medianas y peque\u00f1as empresas, generando instancias de &hellip;<\/p>\n","protected":false},"author":1,"featured_media":2756,"comment_status":"closed","ping_status":"closed","sticky":false,"template":"","format":"standard","meta":{"footnotes":""},"categories":[16],"tags":[],"class_list":["post-2754","post","type-post","status-publish","format-standard","has-post-thumbnail","hentry","category-actualidad"],"_links":{"self":[{"href":"https:\/\/buensonido.cl\/index.php?rest_route=\/wp\/v2\/posts\/2754","targetHints":{"allow":["GET"]}}],"collection":[{"href":"https:\/\/buensonido.cl\/index.php?rest_route=\/wp\/v2\/posts"}],"about":[{"href":"https:\/\/buensonido.cl\/index.php?rest_route=\/wp\/v2\/types\/post"}],"author":[{"embeddable":true,"href":"https:\/\/buensonido.cl\/index.php?rest_route=\/wp\/v2\/users\/1"}],"replies":[{"embeddable":true,"href":"https:\/\/buensonido.cl\/index.php?rest_route=%2Fwp%2Fv2%2Fcomments&post=2754"}],"version-history":[{"count":0,"href":"https:\/\/buensonido.cl\/index.php?rest_route=\/wp\/v2\/posts\/2754\/revisions"}],"wp:featuredmedia":[{"embeddable":true,"href":"https:\/\/buensonido.cl\/index.php?rest_route=\/wp\/v2\/media\/2756"}],"wp:attachment":[{"href":"https:\/\/buensonido.cl\/index.php?rest_route=%2Fwp%2Fv2%2Fmedia&parent=2754"}],"wp:term":[{"taxonomy":"category","embeddable":true,"href":"https:\/\/buensonido.cl\/index.php?rest_route=%2Fwp%2Fv2%2Fcategories&post=2754"},{"taxonomy":"post_tag","embeddable":true,"href":"https:\/\/buensonido.cl\/index.php?rest_route=%2Fwp%2Fv2%2Ftags&post=2754"}],"curies":[{"name":"wp","href":"https:\/\/api.w.org\/{rel}","templated":true}]}}