{"id":2687,"date":"2025-10-27T18:47:58","date_gmt":"2025-10-27T21:47:58","guid":{"rendered":"https:\/\/buensonido.cl\/?p=2687"},"modified":"2025-10-27T18:47:58","modified_gmt":"2025-10-27T21:47:58","slug":"coronel-refuerza-vinculos-con-el-minvu-para-concretar-proyectos-habitacionales-y-urbanos-clave","status":"publish","type":"post","link":"https:\/\/buensonido.cl\/?p=2687","title":{"rendered":"Coronel refuerza v\u00ednculos con el MINVU para concretar proyectos habitacionales y urbanos clave"},"content":{"rendered":"\n<p>El alcalde Boris Chamorro lleg\u00f3 hasta el Ministerio de Vivienda con una comitiva junto a la que se sostuvieron reuniones con el Ministro Carlos Montes, tras varios meses de gesti\u00f3n.<\/p>\n\n\n\n<p>Durante el encuentro, se abordaron temas clave para Coronel, como el avance del Comit\u00e9 de Vivienda Juntos por Nuestro Hogar, los proyectos de Rucalhue, Paso Seco 5 y la tercera etapa del corredor de v\u00eda exclusiva, correspondiente al eje Manuel Montt \u2013 Carlos Prat, que el municipio busca incorporar al financiamiento 2026.<\/p>\n\n\n\n<p>\u201cEstamos realizando todas las gestiones necesarias para atraer inversi\u00f3n a nuestra ciudad y concretar proyectos que han esperado por a\u00f1os, tanto en materia habitacional como urbana\u201d, destac\u00f3 el alcalde.<\/p>\n\n\n\n<figure class=\"wp-block-image size-full\"><img decoding=\"async\" src=\"https:\/\/buensonido.cl\/wp-content\/uploads\/2025\/10\/0e5dfd49-ac53-4ad9-b572-424347a8b433.jpeg\" alt=\"\" class=\"wp-image-2688\"\/><\/figure>\n\n\n\n<p>Por su parte el Senador Gast\u00f3n Saavedra tambi\u00e9n se hizo presente en la jornada con gestiones en apoyo al Comit\u00e9 Juntos por Nuestro Hogar. Durante la instancia, la directora de Serviu, Mar\u00eda Luz Gajardo, quien intervino de manera virtual, se\u00f1al\u00f3 que las viviendas ser\u00e1n industrializadas, lo que permitir\u00e1 un mayor control de calidad, menores costos, tiempos de construcci\u00f3n m\u00e1s breves y mejores resultados para las familias.<\/p>\n\n\n\n<p>\u201cLlevamos buenas noticias a Coronel. Gracias a las gestiones del alcalde y del senador pudimos reunirnos con el ministro, quien nos dio una se\u00f1al positiva para seguir avanzando. Nos vamos felices y esperanzados en que pronto se concrete nuestro proyecto\u201d, se\u00f1al\u00f3 Fernanda Rifo, segunda directora del comit\u00e9 Juntos por Nuestro Hogar, tras la reuni\u00f3n.<\/p>\n","protected":false},"excerpt":{"rendered":"<p>El alcalde Boris Chamorro lleg\u00f3 hasta el Ministerio de Vivienda con una comitiva junto a la que se sostuvieron reuniones con el Ministro Carlos Montes, tras varios meses de gesti\u00f3n. Durante el encuentro, se abordaron temas clave para Coronel, como el avance del Comit\u00e9 de Vivienda Juntos por Nuestro Hogar, los proyectos de Rucalhue, Paso &hellip;<\/p>\n","protected":false},"author":1,"featured_media":2689,"comment_status":"closed","ping_status":"closed","sticky":false,"template":"","format":"standard","meta":{"footnotes":""},"categories":[16],"tags":[],"class_list":["post-2687","post","type-post","status-publish","format-standard","has-post-thumbnail","hentry","category-actualidad"],"_links":{"self":[{"href":"https:\/\/buensonido.cl\/index.php?rest_route=\/wp\/v2\/posts\/2687","targetHints":{"allow":["GET"]}}],"collection":[{"href":"https:\/\/buensonido.cl\/index.php?rest_route=\/wp\/v2\/posts"}],"about":[{"href":"https:\/\/buensonido.cl\/index.php?rest_route=\/wp\/v2\/types\/post"}],"author":[{"embeddable":true,"href":"https:\/\/buensonido.cl\/index.php?rest_route=\/wp\/v2\/users\/1"}],"replies":[{"embeddable":true,"href":"https:\/\/buensonido.cl\/index.php?rest_route=%2Fwp%2Fv2%2Fcomments&post=2687"}],"version-history":[{"count":0,"href":"https:\/\/buensonido.cl\/index.php?rest_route=\/wp\/v2\/posts\/2687\/revisions"}],"wp:featuredmedia":[{"embeddable":true,"href":"https:\/\/buensonido.cl\/index.php?rest_route=\/wp\/v2\/media\/2689"}],"wp:attachment":[{"href":"https:\/\/buensonido.cl\/index.php?rest_route=%2Fwp%2Fv2%2Fmedia&parent=2687"}],"wp:term":[{"taxonomy":"category","embeddable":true,"href":"https:\/\/buensonido.cl\/index.php?rest_route=%2Fwp%2Fv2%2Fcategories&post=2687"},{"taxonomy":"post_tag","embeddable":true,"href":"https:\/\/buensonido.cl\/index.php?rest_route=%2Fwp%2Fv2%2Ftags&post=2687"}],"curies":[{"name":"wp","href":"https:\/\/api.w.org\/{rel}","templated":true}]}}