{"id":2674,"date":"2025-10-20T16:41:18","date_gmt":"2025-10-20T19:41:18","guid":{"rendered":"https:\/\/buensonido.cl\/?p=2674"},"modified":"2025-10-20T16:41:18","modified_gmt":"2025-10-20T19:41:18","slug":"desde-albergar-presidentes-y-principes-a-estar-en-el-olvido-lo-que-guardan-las-paredes-de-la-casa-de-huespedes-en-coronel","status":"publish","type":"post","link":"https:\/\/buensonido.cl\/?p=2674","title":{"rendered":"Desde albergar Presidentes y pr\u00edncipes a estar en el olvido: lo que guardan las paredes de La Casa de Hu\u00e9spedes en Coronel"},"content":{"rendered":"\n<p>Levantada en el a\u00f1o 1870 por los arquitectos Luis Arrets y Wilfredi Geisse, la Casa Schwager\u2014 tambi\u00e9n conocida como Casa de los Presidentes o Casa de Hu\u00e9spedes\u2014 &nbsp;naci\u00f3 como una imponente residencia familiar. D\u00e9cadas m\u00e1s tarde, en 1940, fue refaccionada por el arquitecto Hern\u00e1n Vega, quien actualiz\u00f3 sus espacios sin perder el aire se\u00f1orial que la caracterizaba.<\/p>\n\n\n\n<p>Debe su nombre a Don Federico Schwager, destacado empresario carbon\u00edfero de Coronel, quien la habit\u00f3 junto a su familia. Su ubicaci\u00f3n no fue casual: se construy\u00f3 en la cima de una colina en el sector de Maule, un punto privilegiado que realzaba su presencia y ofrec\u00eda vistas \u00fanicas.<\/p>\n\n\n\n<p>La elegancia de la arquitectura se complementaba con un parque que la rodeaba como un oasis. En sus ocho hect\u00e1reas de terreno crec\u00edan cientos de \u00e1rboles y plantas ex\u00f3ticas; hab\u00eda senderos para pasear, zonas de descanso y hasta una cancha de golf, reflejo del esplendor y la sofisticaci\u00f3n de la \u00e9poca.<\/p>\n\n\n\n<p>Con una superficie total de 1.500 m\u00b2, la casa contaba con amplios salones de lectura y billar, diez dormitorios, once ba\u00f1os, doce chimeneas, cocina, patio de servicios, un subterr\u00e1neo para la caldera y diversas dependencias menores. Cada rinc\u00f3n estaba pensado para impresionar: desde la distribuci\u00f3n de los espacios hasta los detalles constructivos, todo contribu\u00eda a consolidar su fama como una residencia de notable elegancia.<\/p>\n\n\n\n<p>Hoy ese tesoro de la arquitectura de Coronel se encuentra en completo abandono.<\/p>\n\n\n\n<p>En sus mejores \u00e9pocas, esta gran casona alberg\u00f3 a ex Presidentes de nuestro pa\u00eds como Gabriel Gonz\u00e1lez Videla, Salvador Allende y Jorge Alessandri, de all\u00ed su apodo \u201cCasa de los Presidentes.<\/p>\n\n\n\n<p>Es por este pasado brillante, el que incluye adem\u00e1s rodajes de proyectos audiovisuales locales e internacionales, que nace el cuestionamiento \u00bfPor qu\u00e9 no ha nacido a\u00fan un proyecto de renovaci\u00f3n y preservaci\u00f3n para esta casona?<\/p>\n\n\n\n<p>Al respecto, el doctor en historia Armando Cartes se\u00f1ala que \u201cser\u00eda muy deseable conservarla, recuperarla y asociarla con un proyecto de turismo patrimonial en la zona de Maule, y que esa zona, que tiene tantos valores patrimoniales pueda ser recuperada de manera integral\u201d.<\/p>\n\n\n\n<p>Para esto, hace algunos a\u00f1os ya nacieron ideas que abogaban por la reconstrucci\u00f3n y proyecci\u00f3n de esta casa residencial. Sin embargo, tras intentos de parte de cabildos culturales en Coronel por volverla un museo hist\u00f3rico, se deneg\u00f3 la idea de parte del holding Qui\u00f1enco, grupo empresarial que hoy es due\u00f1o del edificio.<\/p>\n\n\n\n<p>Para lograr estos objetivos es que en Coronel nacen agrupaciones como \u201cPatrimonio en riesgo\u201d quienes comienzan su labor tras un cabildo patrimonial que deriva en este proyecto que busca promover y fortalecer la participaci\u00f3n de la ciudadan\u00eda en la preservaci\u00f3n del patrimonio de la comuna. Jorge Isla, parte de la agrupaci\u00f3n y encargado de Museo Ra\u00edces en Coronel coment\u00f3 que \u201cnos motiva el abandono del patrimonio de nuestra comuna. Que necesita y pide a gritos de la ciudadan\u00eda se empodere por poder rescatar este patrimonio\u201d.<\/p>\n\n\n\n<p>Sobre el tema, se apunta directamente a las autoridades a las que le compete recuperar estos espacios hist\u00f3ricos. Sobre eso, Isla se\u00f1al\u00f3 \u201cno tan solo las autoridades comunales, regionales, sino del gobierno central han abandonado y se han desapegado del patrimonio de nuestra comuna\u201d.<\/p>\n\n\n\n<p>Este tema, entre otros patrimonios abandonados en la regi\u00f3n y la comuna, abren el debate sobre las pol\u00edticas p\u00fablicas de preservaci\u00f3n y restauraci\u00f3n de edificios hist\u00f3ricos.<\/p>\n\n\n\n<p>Actualmente, El Estado de Chile dispone de financiamiento al patrimonio cultural (materiales e inmateriales) a trav\u00e9s del Fondo del Patrimonio Cultural. El aporte de recursos puede ser para la ejecuci\u00f3n total o parcial de proyectos, programas, actividades y medidas de identificaci\u00f3n; registro; investigaci\u00f3n; difusi\u00f3n; valoraci\u00f3n; protecci\u00f3n; rescate; preservaci\u00f3n; conservaci\u00f3n; adquisici\u00f3n y salvaguardia del patrimonio. Sin embargo, hoy estos recursos no han llegado hasta este punto de la comuna.<\/p>\n\n\n\n<p>De la Casa de Hu\u00e9spedes solo quedan paredes inestables y material destruido que guarda una profunda historia que pide a gritos que no le olviden, a la espera de que, alg\u00fan d\u00eda, pueda recibir el reconocimiento que merece.<\/p>\n\n\n\n<figure class=\"wp-block-image size-large\"><img decoding=\"async\" src=\"https:\/\/buensonido.cl\/wp-content\/uploads\/2025\/10\/casa-huespedes-768x1024.jpg\" alt=\"\" class=\"wp-image-2675\"\/><\/figure>\n","protected":false},"excerpt":{"rendered":"<p>Levantada en el a\u00f1o 1870 por los arquitectos Luis Arrets y Wilfredi Geisse, la Casa Schwager\u2014 tambi\u00e9n conocida como Casa de los Presidentes o Casa de Hu\u00e9spedes\u2014 &nbsp;naci\u00f3 como una imponente residencia familiar. D\u00e9cadas m\u00e1s tarde, en 1940, fue refaccionada por el arquitecto Hern\u00e1n Vega, quien actualiz\u00f3 sus espacios sin perder el aire se\u00f1orial que &hellip;<\/p>\n","protected":false},"author":1,"featured_media":2675,"comment_status":"closed","ping_status":"closed","sticky":false,"template":"","format":"standard","meta":{"footnotes":""},"categories":[16],"tags":[],"class_list":["post-2674","post","type-post","status-publish","format-standard","has-post-thumbnail","hentry","category-actualidad"],"_links":{"self":[{"href":"https:\/\/buensonido.cl\/index.php?rest_route=\/wp\/v2\/posts\/2674","targetHints":{"allow":["GET"]}}],"collection":[{"href":"https:\/\/buensonido.cl\/index.php?rest_route=\/wp\/v2\/posts"}],"about":[{"href":"https:\/\/buensonido.cl\/index.php?rest_route=\/wp\/v2\/types\/post"}],"author":[{"embeddable":true,"href":"https:\/\/buensonido.cl\/index.php?rest_route=\/wp\/v2\/users\/1"}],"replies":[{"embeddable":true,"href":"https:\/\/buensonido.cl\/index.php?rest_route=%2Fwp%2Fv2%2Fcomments&post=2674"}],"version-history":[{"count":0,"href":"https:\/\/buensonido.cl\/index.php?rest_route=\/wp\/v2\/posts\/2674\/revisions"}],"wp:featuredmedia":[{"embeddable":true,"href":"https:\/\/buensonido.cl\/index.php?rest_route=\/wp\/v2\/media\/2675"}],"wp:attachment":[{"href":"https:\/\/buensonido.cl\/index.php?rest_route=%2Fwp%2Fv2%2Fmedia&parent=2674"}],"wp:term":[{"taxonomy":"category","embeddable":true,"href":"https:\/\/buensonido.cl\/index.php?rest_route=%2Fwp%2Fv2%2Fcategories&post=2674"},{"taxonomy":"post_tag","embeddable":true,"href":"https:\/\/buensonido.cl\/index.php?rest_route=%2Fwp%2Fv2%2Ftags&post=2674"}],"curies":[{"name":"wp","href":"https:\/\/api.w.org\/{rel}","templated":true}]}}