{"id":2651,"date":"2025-09-29T23:50:54","date_gmt":"2025-09-30T02:50:54","guid":{"rendered":"https:\/\/buensonido.cl\/?p=2651"},"modified":"2025-09-29T23:50:54","modified_gmt":"2025-09-30T02:50:54","slug":"mas-de-600-profesores-participan-en-encuentro-sobre-ia-y-ciudadania-digital","status":"publish","type":"post","link":"https:\/\/buensonido.cl\/?p=2651","title":{"rendered":"M\u00e1s de 600 profesores participan en encuentro sobre IA y ciudadan\u00eda digital"},"content":{"rendered":"\n<p>El ENIE, Inteligencia Artificial, Ciudadan\u00eda Digital e Innovaci\u00f3n es una iniciativa del Colegio Concepci\u00f3n Fraternidad y organizada por la Corporaci\u00f3n Educacional Mas\u00f3nica de Concepci\u00f3n (COEMCO), y este 2025 se realiza su sexta versi\u00f3n. El encuentro integra la tecnolog\u00eda, la Inteligencia Artificial, la ciudadan\u00eda digital, la innovaci\u00f3n el emprendimiento en la pr\u00e1ctica educativa, generando un espacio de formaci\u00f3n e intercambio de experiencias entre docentes, estudiantes, investigadores, l\u00edderes escolares y p\u00fablico general interesado en los desaf\u00edos digitales del siglo XXI.<\/p>\n\n\n\n<p>El Rector del Colegio Concepci\u00f3n Fraternidad, V\u00edctor Schuffeneger comenta que \u201cesta es la mejor versi\u00f3n del ENIE que hemos tenido desde el a\u00f1o 2014, adem\u00e1s tenemos componentes nuevos como el ENIE LABS, los simposios y m\u00e1s de 30 talleres para los asistentes. Este a\u00f1o tambi\u00e9n alcanzamos una convocatoria importante, lo que quiere decir que el encuentro ha sido bien recibido por parte de la comunidad y en general estamos muy contentos con los resultados de este ENIE 2025\u201d.&nbsp;<\/p>\n\n\n\n<p>Los participantes del encuentro recibir\u00e1n una certificaci\u00f3n patrocinada por el Ministerio de Educaci\u00f3n, que les permitir\u00e1 respaldar los conocimientos adquiridos. Al respecto el Seremi de Educaci\u00f3n de la Regi\u00f3n del Biob\u00edo, Carlos Benedetti, se\u00f1ala que \u201ceste es un espacio de vanguardia al tratar temas de inteligencia artificial y del uso de las tecnolog\u00edas y por cierto el ejercicio de la ciudadan\u00eda digital. Son temas que desaf\u00edan al sistema educativo porque hoy d\u00eda estamos en plenos cambios tecnol\u00f3gicos, estamos en un momento en donde repensar la educaci\u00f3n del siglo XXI con estudiantes del siglo XXI es un desaf\u00edo para estar acorde a los tiempos\u201d.&nbsp;<\/p>\n\n\n\n<p>La jornada de este lunes estuvo marcada por las charla de Olga Kazarina, Costumer Success Manager y Community Builder de Genially, plataforma web espa\u00f1ola, quien comenta que \u201choy hemos estado hablando de la importancia de dominar inteligencia artificial para poder crear este contenido, ahorrar tiempo, romper este famoso bucle porque a los estudiantes les encanta el contenido interactivo, y a nosotros los profesores nos falta el tiempo, y hemos conversado con los profesores sobre algunas preguntas que ten\u00edan sobre c\u00f3mo hacer algunas infograf\u00edas, hemos tenido tambi\u00e9n una experiencia interactiva comparando el contenido tradicional como una gu\u00eda de aprendizaje tradicional\u201d.&nbsp;&nbsp;<\/p>\n\n\n\n<p>Este lunes present\u00f3 su charla el Dr. Miquel \u00c1ngel Prats, de la Universidad Ram\u00f3n Llul, de Barcelona, quien se\u00f1ala que \u201cen la conferencia abordamos diferentes cuestiones que tienen que ver con un impacto de una tecnolog\u00eda disruptiva y qu e en estos momentos tiene a diferentes agentes del \u00e1mbito educativo muy confusos, y es importante abordar esa faceta entre otras cosas porque quienes nos acompa\u00f1an muchas veces son personas que ocupan un lugar de liderazgo muy importante\u201d. Adem\u00e1s el expositor agrega que \u201c es esencial que se hagan actividades de este estilo porque en estos momentos lo que se pide es que se pueda compartir, y sobre todo generar mucho conocimiento con los alumnos, los equipos directivos y tambi\u00e9n con las familias\u201d.&nbsp;<\/p>\n\n\n\n<p>El encuentro re\u00fane a m\u00e1s de 600 docentes y profesionales del mundo de la educaci\u00f3n. Gloria Ch\u00e1vez se enter\u00f3 por internet de la convocatoria y viaj\u00f3 desde Los Vilos, Regi\u00f3n de Coquimbo representando al Colegio San Francisco Javier y dice que \u201cesto ha sido muy novedoso y enriquecedor para m\u00ed en el sentido de escuchar, aprender, y m\u00e1s a\u00fan saber de nuevas tecnolog\u00edas y saber c\u00f3mo aplicarlas en el futuro\u201d. Gloria comenta que vino \u201ccon ansias y con ganas de romper el miedo a aprender\u201d.<\/p>\n\n\n\n<p>Durante estos d\u00edas el evento tendr\u00e1 la participaci\u00f3n de conocidas influencers del mundo de la educaci\u00f3n como Ray\u00e9n Inostroza, laprofeonline y Paola Garc\u00eda, la profepaopao quienes compartir\u00e1n sus exitosos modelos educativos. Adem\u00e1s habr\u00e1 una conferencia del Dr. Marcelo Careaga Butter, la Dra. Eileen Sep\u00falveda y la Dra. Laura Jim\u00e9nez de la Universidad Cat\u00f3lica de la Sant\u00edsima Concepci\u00f3n con la charla \u201cTransici\u00f3n Cultural Disruptiva: desaf\u00edos de hoy y del futuro cercano para una ciudadan\u00eda expuesta a cambios r\u00e1pidos y dr\u00e1sticos\u201d. La \u00faltima charla ser\u00e1 dictada por el Dr. Roberto Riquelme Sep\u00falveda, Coordinador del GenIA, programa que fue recientemente lanzado por la Universidad de Concepci\u00f3n, con la charla \u201cInteligencia artificial en la sala de clases\u00bb.<\/p>\n\n\n\n<figure class=\"wp-block-image size-large\"><img decoding=\"async\" src=\"https:\/\/buensonido.cl\/wp-content\/uploads\/2025\/09\/IMG_2956-1024x683.jpeg\" alt=\"\" class=\"wp-image-2652\"\/><\/figure>\n","protected":false},"excerpt":{"rendered":"<p>El ENIE, Inteligencia Artificial, Ciudadan\u00eda Digital e Innovaci\u00f3n es una iniciativa del Colegio Concepci\u00f3n Fraternidad y organizada por la Corporaci\u00f3n Educacional Mas\u00f3nica de Concepci\u00f3n (COEMCO), y este 2025 se realiza su sexta versi\u00f3n. El encuentro integra la tecnolog\u00eda, la Inteligencia Artificial, la ciudadan\u00eda digital, la innovaci\u00f3n el emprendimiento en la pr\u00e1ctica educativa, generando un espacio &hellip;<\/p>\n","protected":false},"author":1,"featured_media":0,"comment_status":"closed","ping_status":"closed","sticky":false,"template":"","format":"standard","meta":{"footnotes":""},"categories":[16],"tags":[],"class_list":["post-2651","post","type-post","status-publish","format-standard","hentry","category-actualidad"],"_links":{"self":[{"href":"https:\/\/buensonido.cl\/index.php?rest_route=\/wp\/v2\/posts\/2651","targetHints":{"allow":["GET"]}}],"collection":[{"href":"https:\/\/buensonido.cl\/index.php?rest_route=\/wp\/v2\/posts"}],"about":[{"href":"https:\/\/buensonido.cl\/index.php?rest_route=\/wp\/v2\/types\/post"}],"author":[{"embeddable":true,"href":"https:\/\/buensonido.cl\/index.php?rest_route=\/wp\/v2\/users\/1"}],"replies":[{"embeddable":true,"href":"https:\/\/buensonido.cl\/index.php?rest_route=%2Fwp%2Fv2%2Fcomments&post=2651"}],"version-history":[{"count":0,"href":"https:\/\/buensonido.cl\/index.php?rest_route=\/wp\/v2\/posts\/2651\/revisions"}],"wp:attachment":[{"href":"https:\/\/buensonido.cl\/index.php?rest_route=%2Fwp%2Fv2%2Fmedia&parent=2651"}],"wp:term":[{"taxonomy":"category","embeddable":true,"href":"https:\/\/buensonido.cl\/index.php?rest_route=%2Fwp%2Fv2%2Fcategories&post=2651"},{"taxonomy":"post_tag","embeddable":true,"href":"https:\/\/buensonido.cl\/index.php?rest_route=%2Fwp%2Fv2%2Ftags&post=2651"}],"curies":[{"name":"wp","href":"https:\/\/api.w.org\/{rel}","templated":true}]}}