{"id":2627,"date":"2025-09-23T08:26:17","date_gmt":"2025-09-23T11:26:17","guid":{"rendered":"https:\/\/buensonido.cl\/?p=2627"},"modified":"2025-09-23T08:26:17","modified_gmt":"2025-09-23T11:26:17","slug":"con-una-alta-concurrencia-de-publico-y-una-minima-cantidad-de-incidentes-culminaron-las-fiestas-patrias-en-la-zona","status":"publish","type":"post","link":"https:\/\/buensonido.cl\/?p=2627","title":{"rendered":"Con una alta concurrencia de p\u00fablico y una m\u00ednima cantidad de incidentes culminaron las Fiestas Patrias en la zona"},"content":{"rendered":"\n<p>Durante las celebraciones de Fiestas Patrias 2025, las comunas de Coronel, Lota, Concepci\u00f3n y San Pedro de la Paz vivieron jornadas marcadas por una alta participaci\u00f3n ciudadana en fondas y actividades tradicionales, con un balance positivo en materia de seguridad y orden p\u00fablico. Autoridades locales y policiales destacaron el comportamiento de la comunidad, as\u00ed como la coordinaci\u00f3n entre los distintos organismos para garantizar un festejo seguro y familiar.<\/p>\n\n\n\n<p>En Coronel, con la presencia de autoridades locales y el presidente de la Asociaci\u00f3n de Fonderos y Ramaderos, se dio a conocer el balance de lo que hoy se conoce como \u201clas fondas m\u00e1s grandes al sur del Biob\u00edo\u201d. Con 3,5 hect\u00e1reas de sitio destinado al uso de m\u00e1s de 200 emprendedores, Coronel recibi\u00f3 a cerca de 200 000 personas durante los cinco d\u00edas de celebraci\u00f3n. El alcalde, Boris Chamorro, destac\u00f3 la coordinaci\u00f3n de diversos agentes que ayudaron a la correcta realizaci\u00f3n de las ramadas, entre ellos los m\u00e1s de 270 funcionarios de Carabineros de Chile, el personal de aseo y ornato, Bomberos y equipo municipal y de seguridad p\u00fablica. Sobre todo, el edil destac\u00f3 \u201ctuvimos en total, desde el d\u00eda 17 al d\u00eda 21 solamente 9 accidentes de tr\u00e1nsito, ning\u00fan incendio estructural y, lo mejor de todo, mantenemos la cifra 0 en materia de homicidios\u201d.<\/p>\n\n\n\n<p>En los puntos a mejorar tras esta evaluaci\u00f3n \u201ctuvimos situaciones complejas en materia de tr\u00e1nsito en el sector de Villa La Posada y Ruta 160\u201d se\u00f1al\u00f3 el alcalde. Apuntando directamente a que existir\u00e1n labores para mejorar la circulaci\u00f3n de automovilistas y civiles \u201cen general, cifras alegres por parte de los locatarios de nuestra comuna, cifras alegres en materias de seguridad. Creo que esto es fruto del trabajo de hace m\u00e1s de un mes que se viene preparando por parte del equipo, que nos permite hoy d\u00eda realizar este balance positivo\u201d, finaliz\u00f3, poniendo a\u00fan m\u00e1s \u00e9nfasis en la inexistencia de homicidios en contexto de Fiestas Patrias.<\/p>\n\n\n\n<figure class=\"wp-block-image size-large is-resized\"><img decoding=\"async\" src=\"https:\/\/buensonido.cl\/wp-content\/uploads\/2025\/09\/muni-coronel-1024x560.jpg\" alt=\"\" class=\"wp-image-2628\" style=\"width:828px;height:auto\"\/><figcaption class=\"wp-element-caption\">@coronelmuni v\u00eda Instagram<\/figcaption><\/figure>\n\n\n\n<p>En el caso de la comuna de Concepci\u00f3n, las ramadas tuvieron lugar en una carpa instalada en el sector de estacionamientos del Estadio Municipal Alcaldesa Ester Roa Rebolledo, adem\u00e1s de contar con la habilitaci\u00f3n del Gimnasio Municipal para la realizaci\u00f3n de actividades folcl\u00f3ricas y recreativas. Al respecto, el alcalde H\u00e9ctor Mu\u00f1oz destac\u00f3 la concurrencia de un promedio de 15 000 personas cada d\u00eda de celebraciones \u201cSon cuentas alegres en Concepci\u00f3n. Los cinco d\u00edas hubo masividad de personas desde que abrieron las ramadas hasta el cierre\u201d.<\/p>\n\n\n\n<p>Adem\u00e1s, destac\u00f3 que, de parte de los vecinos, existe un balance positivo sobre las celebraciones en la ciudad penquista \u201cSe produjo lo que nosotros quer\u00edamos, primero, unas ramadas seguras, si bien hubo dos detenidos por des\u00f3rdenes, algo menor, pero no pas\u00f3 a mayores. En palabras del edil, estas celebraciones destacan por \u201ccero comercio ambulante, cuentas alegres para los fonderos y mucha seguridad p\u00fablica\u201d.&nbsp; De cara al futuro, la municipalidad de Concepci\u00f3n apunta a mejorar el uso y la distribuci\u00f3n de los espacios para las ramadas de Fiestas Patrias 2026, lo que indica que, muy probablemente, estas se queden en el reducto deportivo.<\/p>\n\n\n\n<figure class=\"wp-block-image size-large\"><img decoding=\"async\" src=\"https:\/\/buensonido.cl\/wp-content\/uploads\/2025\/09\/muni-concep-1024x750.jpg\" alt=\"\" class=\"wp-image-2629\"\/><figcaption class=\"wp-element-caption\">@muni_conce v\u00eda Instagram<\/figcaption><\/figure>\n\n\n\n<p>En Lota, en tanto, con un aproximado de 10 000 visitantes por d\u00eda, la celebraci\u00f3n se llev\u00f3 a cabo en un sitio acondicionado por el municipio, en el sector de Lota Bajo, a un costado del Estadio Municipal. Desde el gobierno local se\u00f1alan que \u201clas ramadas lotinas destacaron por su impecable organizaci\u00f3n y una parrilla program\u00e1tica de alto nivel, fruto de una planificaci\u00f3n anticipada que tom\u00f3 varios meses\u201d. La comuna minera no report\u00f3 incidentes en torno a los d\u00edas de festejo, esto a ra\u00edz de una coordinaci\u00f3n entre la Polic\u00eda de Investigaciones, Carabineros y el equipo de Seguridad Municipal. Pese al frente de lluvia y viento, el p\u00fablico no se ausent\u00f3. Esto gracias a la instalaci\u00f3n de una gran carpa central que protegi\u00f3 tanto a los expositores como a los asistentes, permitiendo que los espect\u00e1culos continuaran sin interrupciones.<\/p>\n\n\n\n<p>Artistas de renombre nacional como Pachuco y la Cubanacan, Sonora de Jorge Rey, Mr. Gato y Viking 5 encendieron las noches recibiendo ovaciones de quienes estuvieron presentes. Asimismo, grupos folcl\u00f3ricos, conjuntos de danza y artistas locales tuvieron su espacio, mostrando el valor cultural y el talento que existe en la comuna.<\/p>\n\n\n\n<figure class=\"wp-block-image size-large\"><img decoding=\"async\" src=\"https:\/\/buensonido.cl\/wp-content\/uploads\/2025\/09\/muni-lota-1024x576.jpg\" alt=\"\" class=\"wp-image-2630\"\/><figcaption class=\"wp-element-caption\">Imagen enviada por equipo de comunicaciones de Municipalidad de Lota<\/figcaption><\/figure>\n\n\n\n<p>Finalmente, en San Pedro de la Paz, se promedi\u00f3 aproximadamente 5 000 personas visitando diariamente las ramadas a lo largo de los cinco d\u00edas. \u201chemos conversado con los emprendedores, principalmente gastron\u00f3micos, quienes sacan cuentas tremendamente alegres\u201d, se\u00f1al\u00f3 el alcalde, Juan Pablo Spoerer, quien tambi\u00e9n destac\u00f3 la asistencia de un gran nivel de artistas a los shows presentados, creando un ambiente grato para disfrutar. En cuanto a seguridad, solo se report\u00f3 la existencia de un incidente menor en materia de violencia intrafamiliar en contexto de las celebraciones, el cual se resolvi\u00f3 en un par de horas.<\/p>\n\n\n\n<figure class=\"wp-block-image size-large\"><img decoding=\"async\" src=\"https:\/\/buensonido.cl\/wp-content\/uploads\/2025\/09\/muni-spp-1024x733.jpg\" alt=\"\" class=\"wp-image-2631\"\/><figcaption class=\"wp-element-caption\">@muni_sanpedro v\u00eda Instagram<\/figcaption><\/figure>\n\n\n\n<p>En miradas generales, y a pesar de las intensas lluvias que marcaron este fin de semana largo, las comunas del Biob\u00edo sacaron cuentas alegres tras las celebraciones de Fiestas Patrias.<\/p>\n\n\n\n<p><\/p>\n","protected":false},"excerpt":{"rendered":"<p>Durante las celebraciones de Fiestas Patrias 2025, las comunas de Coronel, Lota, Concepci\u00f3n y San Pedro de la Paz vivieron jornadas marcadas por una alta participaci\u00f3n ciudadana en fondas y actividades tradicionales, con un balance positivo en materia de seguridad y orden p\u00fablico. Autoridades locales y policiales destacaron el comportamiento de la comunidad, as\u00ed como &hellip;<\/p>\n","protected":false},"author":1,"featured_media":2639,"comment_status":"closed","ping_status":"closed","sticky":false,"template":"","format":"standard","meta":{"footnotes":""},"categories":[16],"tags":[],"class_list":["post-2627","post","type-post","status-publish","format-standard","has-post-thumbnail","hentry","category-actualidad"],"_links":{"self":[{"href":"https:\/\/buensonido.cl\/index.php?rest_route=\/wp\/v2\/posts\/2627","targetHints":{"allow":["GET"]}}],"collection":[{"href":"https:\/\/buensonido.cl\/index.php?rest_route=\/wp\/v2\/posts"}],"about":[{"href":"https:\/\/buensonido.cl\/index.php?rest_route=\/wp\/v2\/types\/post"}],"author":[{"embeddable":true,"href":"https:\/\/buensonido.cl\/index.php?rest_route=\/wp\/v2\/users\/1"}],"replies":[{"embeddable":true,"href":"https:\/\/buensonido.cl\/index.php?rest_route=%2Fwp%2Fv2%2Fcomments&post=2627"}],"version-history":[{"count":0,"href":"https:\/\/buensonido.cl\/index.php?rest_route=\/wp\/v2\/posts\/2627\/revisions"}],"wp:featuredmedia":[{"embeddable":true,"href":"https:\/\/buensonido.cl\/index.php?rest_route=\/wp\/v2\/media\/2639"}],"wp:attachment":[{"href":"https:\/\/buensonido.cl\/index.php?rest_route=%2Fwp%2Fv2%2Fmedia&parent=2627"}],"wp:term":[{"taxonomy":"category","embeddable":true,"href":"https:\/\/buensonido.cl\/index.php?rest_route=%2Fwp%2Fv2%2Fcategories&post=2627"},{"taxonomy":"post_tag","embeddable":true,"href":"https:\/\/buensonido.cl\/index.php?rest_route=%2Fwp%2Fv2%2Ftags&post=2627"}],"curies":[{"name":"wp","href":"https:\/\/api.w.org\/{rel}","templated":true}]}}