{"id":2583,"date":"2025-08-29T15:52:20","date_gmt":"2025-08-29T18:52:20","guid":{"rendered":"https:\/\/buensonido.cl\/?p=2583"},"modified":"2025-08-29T15:52:20","modified_gmt":"2025-08-29T18:52:20","slug":"colbun-entrega-fondos-para-fortalecer-el-desarrollo-comunitario-de-28-organizaciones-de-coronel","status":"publish","type":"post","link":"https:\/\/buensonido.cl\/?p=2583","title":{"rendered":"Colb\u00fan entrega fondos para fortalecer el desarrollo comunitario de 28 organizaciones de Coronel"},"content":{"rendered":"\n<p>Entre abrazos, fotos y sonrisas, dirigentes vecinales, adultos mayores y fundaciones de Coronel celebraron la adjudicaci\u00f3n del Fondo de Desarrollo Social 2025 de Colb\u00fan. M\u00e1s que un apoyo econ\u00f3mico, los recursos significan para ellos la posibilidad de concretar talleres, recuperar espacios y abrir nuevas oportunidades en sus comunidades. En su versi\u00f3n 2025, postularon 55 organizaciones, de las cuales 28 resultaron ganadoras, 20 con aportes de $1 mill\u00f3n y 8 con $500 mil.<\/p>\n\n\n\n<p>El proceso incluy\u00f3 el apoyo de la Fundaci\u00f3n Adonay que inici\u00f3 con una capacitaci\u00f3n sobre la plataforma digital de postulaci\u00f3n, que permiti\u00f3 a las agrupaciones aprender de procesos de postulaci\u00f3n formales y presentar con estos conocimientos, proyectos s\u00f3lidos y ajustados a las necesidades de cada sector. \u201cLo primero fue conocer los documentos necesarios y luego llevar la necesidad de la organizaci\u00f3n a un proyecto concreto; y actualmente estamos llevando a cabo capacitaciones para quienes se adjudicaron los proyectos\u201d, explic\u00f3 Felipe Pulgar, coordinador de la Fundaci\u00f3n Adonay, quien adem\u00e1s destac\u00f3 que tras la entrega de recursos vendr\u00e1 el acompa\u00f1amiento en la implementaci\u00f3n de los proyectos con las visitas a los hitos y la posterior rendici\u00f3n.<\/p>\n\n\n\n<p>Desde Colb\u00fan, la iniciativa se proyecta como una apuesta de largo plazo. Valeria Gatica, jefe de Comunidades Biob\u00edo Costa, se\u00f1al\u00f3 que \u201cllevamos m\u00e1s de 10 a\u00f1os con este fondo y nuestro objetivo no es solo apoyar a las organizaciones en el desarrollo de sus actividades, sino tambi\u00e9n que adquieran herramientas y competencias para postular a otros fondos p\u00fablicos o privados que les permitan sostener su labor en el tiempo\u201d.<\/p>\n\n\n\n<figure class=\"wp-block-image size-large\"><img decoding=\"async\" src=\"https:\/\/buensonido.cl\/wp-content\/uploads\/2025\/08\/FDS1-1024x768.jpg\" alt=\"\" class=\"wp-image-2586\"\/><\/figure>\n\n\n\n<p>Entre los proyectos adjudicados destacan iniciativas sociales y comunitarias. La Fundaci\u00f3n de las Familias, por ejemplo, se adjudic\u00f3 financiamiento para el programa&nbsp;<em>Los que Cuidan<\/em>, que busca fortalecer talleres de mujeres con apoyo psicosocial y emocional. \u201cColb\u00fan nos va a colaborar con la compra de materiales, mientras que la Fundaci\u00f3n aportar\u00e1 a las monitoras. Ser\u00e1 un trabajo integral y con sentido de pertenencia para la comunidad\u201d, explic\u00f3 su representante, B\u00e1rbara Pinilla.<\/p>\n\n\n\n<p>En la misma l\u00ednea, Claudio Contreras, de la Fundaci\u00f3n para el Desarrollo Social Vida y Luz, destac\u00f3 la confianza depositada en su iniciativa, que busca acompa\u00f1ar a ni\u00f1os y ni\u00f1as en condici\u00f3n de espectro autista, brindando adem\u00e1s un apoyo a sus familias. \u201cQueremos que puedan socializar entre ellos y, al mismo tiempo, apoyar a los padres y tutores con nuevas herramientas. Lo haremos a trav\u00e9s de estrategias l\u00fadicas de aprendizaje, como talleres de pintura, instancias de interacci\u00f3n familiar y un espacio de psicomotricidad, fundamental para el desarrollo de estos ni\u00f1os y ni\u00f1as\u201d, se\u00f1al\u00f3.<\/p>\n\n\n\n<p>Tambi\u00e9n el Club de Adulto Mayor Alma Joven fue beneficiado. Su presidenta, Silvia Arriagada, detall\u00f3 que los recursos se destinar\u00e1n a la compra de implementos para actividades aer\u00f3bicas. \u201cEstamos muy motivados. Apenas tengamos los implementos, comenzaremos a ejecutar el proyecto y esperamos que en octubre ya estemos en plena actividad\u201d, dijo.<\/p>\n\n\n\n<p>El Fondo de Desarrollo Social de Colb\u00fan se ha consolidado como una herramienta de apoyo comunitario en Coronel, permitiendo que organizaciones sociales, culturales y de base puedan fortalecer sus proyectos y generar un impacto directo en sus barrios. \u201cLo importante es que cada iniciativa se transforme en una oportunidad para crecer y aprender a sostener en el tiempo la tremenda labor que desarrollan en sus territorios\u201d, resume la jefe de Comunidades de Colb\u00fan, Valeria Gatica.<\/p>\n\n\n\n<p>Los Fondos de Desarrollo Social, que la empresa entrega desde hace m\u00e1s de una d\u00e9cada en la comuna, buscan impulsar proyectos que en su versi\u00f3n 2025 van desde talleres para mujeres y adultos mayores hasta iniciativas para ni\u00f1os con autismo.<\/p>\n\n\n\n<figure class=\"wp-block-image size-large\"><img decoding=\"async\" src=\"https:\/\/buensonido.cl\/wp-content\/uploads\/2025\/08\/FDS3-1024x768.jpg\" alt=\"\" class=\"wp-image-2585\"\/><\/figure>\n","protected":false},"excerpt":{"rendered":"<p>Entre abrazos, fotos y sonrisas, dirigentes vecinales, adultos mayores y fundaciones de Coronel celebraron la adjudicaci\u00f3n del Fondo de Desarrollo Social 2025 de Colb\u00fan. M\u00e1s que un apoyo econ\u00f3mico, los recursos significan para ellos la posibilidad de concretar talleres, recuperar espacios y abrir nuevas oportunidades en sus comunidades. En su versi\u00f3n 2025, postularon 55 organizaciones, &hellip;<\/p>\n","protected":false},"author":1,"featured_media":2584,"comment_status":"closed","ping_status":"closed","sticky":false,"template":"","format":"standard","meta":{"footnotes":""},"categories":[16],"tags":[],"class_list":["post-2583","post","type-post","status-publish","format-standard","has-post-thumbnail","hentry","category-actualidad"],"_links":{"self":[{"href":"https:\/\/buensonido.cl\/index.php?rest_route=\/wp\/v2\/posts\/2583","targetHints":{"allow":["GET"]}}],"collection":[{"href":"https:\/\/buensonido.cl\/index.php?rest_route=\/wp\/v2\/posts"}],"about":[{"href":"https:\/\/buensonido.cl\/index.php?rest_route=\/wp\/v2\/types\/post"}],"author":[{"embeddable":true,"href":"https:\/\/buensonido.cl\/index.php?rest_route=\/wp\/v2\/users\/1"}],"replies":[{"embeddable":true,"href":"https:\/\/buensonido.cl\/index.php?rest_route=%2Fwp%2Fv2%2Fcomments&post=2583"}],"version-history":[{"count":0,"href":"https:\/\/buensonido.cl\/index.php?rest_route=\/wp\/v2\/posts\/2583\/revisions"}],"wp:featuredmedia":[{"embeddable":true,"href":"https:\/\/buensonido.cl\/index.php?rest_route=\/wp\/v2\/media\/2584"}],"wp:attachment":[{"href":"https:\/\/buensonido.cl\/index.php?rest_route=%2Fwp%2Fv2%2Fmedia&parent=2583"}],"wp:term":[{"taxonomy":"category","embeddable":true,"href":"https:\/\/buensonido.cl\/index.php?rest_route=%2Fwp%2Fv2%2Fcategories&post=2583"},{"taxonomy":"post_tag","embeddable":true,"href":"https:\/\/buensonido.cl\/index.php?rest_route=%2Fwp%2Fv2%2Ftags&post=2583"}],"curies":[{"name":"wp","href":"https:\/\/api.w.org\/{rel}","templated":true}]}}