{"id":2575,"date":"2025-08-29T15:46:06","date_gmt":"2025-08-29T18:46:06","guid":{"rendered":"https:\/\/buensonido.cl\/?p=2575"},"modified":"2025-08-29T15:46:06","modified_gmt":"2025-08-29T18:46:06","slug":"aprueban-192-millones-para-modernizar-semaforos-en-san-pedro-de-la-paz","status":"publish","type":"post","link":"https:\/\/buensonido.cl\/?p=2575","title":{"rendered":"Aprueban $192 millones para modernizar sem\u00e1foros en San Pedro de la Paz"},"content":{"rendered":"\n<p>El Consejo Regional del Biob\u00edo aprob\u00f3 una inversi\u00f3n de&nbsp;$192 millones&nbsp;para ejecutar un proyecto impulsado por la&nbsp;Unidad Operativa de Control de Tr\u00e1nsito (UOCT)&nbsp;y la&nbsp;Municipalidad de San Pedro de la Paz, que permitir\u00e1 actualizar la programaci\u00f3n de sem\u00e1foros en tres de los principales ejes viales de la comuna:&nbsp;Avenida Pedro Aguirre Cerda, Ruta 160 y Avenida Michimalonco.<\/p>\n\n\n\n<p>La iniciativa contempla un&nbsp;estudio t\u00e9cnico en 44 intersecciones semaforizadas, con el objetivo de mejorar el flujo vehicular, reducir los tiempos de traslado y reforzar la seguridad vial en una comuna que ya supera los&nbsp;150 mil habitantes&nbsp;y presenta un constante crecimiento del parque automotriz.<\/p>\n\n\n\n<p>Los an\u00e1lisis del estudio incluir\u00e1n&nbsp;conteos de tr\u00e1fico, modelaciones y ajustes en la operaci\u00f3n de los sem\u00e1foros, para que se adapten a las actuales condiciones de movilidad de la comuna. Se espera que esta optimizaci\u00f3n permita&nbsp;reducir entre un 10% y un 20% los tiempos de viaje, especialmente en horarios punta.<\/p>\n\n\n\n<p>Diversas autoridades valoraron el proyecto, entre ellos el\u00a0Seremi de Transportes y Telecomunicaciones, Patricio Fierro, que destac\u00f3 el trabajo conjunto entre instituciones. \u201cEsto responde a un trabajo colaborativo del Gobierno Regional, del municipio de San Pedro y de la UOCT, que es parte del Ministerio de Transporte. Permitir\u00e1 actualizar un sistema que hoy requiere mejorar varios tiempos de espera\u201d, afirm\u00f3.<\/p>\n\n\n\n<figure class=\"wp-block-image size-large\"><img decoding=\"async\" src=\"https:\/\/buensonido.cl\/wp-content\/uploads\/2025\/08\/Fotos-Proyecto-UOCT-en-San-Pedro-de-la-Paz-3-1024x683.jpeg\" alt=\"\" class=\"wp-image-2581\"\/><\/figure>\n\n\n\n<p>Desde el&nbsp;Gobierno Regional, el gobernador&nbsp;Sergio Giacaman&nbsp;fue enf\u00e1tico en expresar \u201cYo creo que estamos todos chatos con los tacos. En el Gobierno Regional queremos ser parte de la soluci\u00f3n y no del problema. Y esta es una soluci\u00f3n pr\u00e1ctica que, en nueve meses, va a permitir que los sem\u00e1foros se ajusten a la realidad. Uno muchas veces llega al sem\u00e1foro, no hay nadie, no cambia nunca, y no podemos pasar. Esto ayudar\u00e1 a resolver ese tipo de situaciones\u201d, recalc\u00f3.<\/p>\n\n\n\n<p>Por su parte, el&nbsp;alcalde de San Pedro de la Paz, Juan Pablo Spoerer, coment\u00f3 que el proyecto se ejecutar\u00e1 en los principales puntos de congesti\u00f3n de la comuna \u201cSon los tres ejes principales de nuestra comuna, donde se va a estar ejecutando este estudio en 44 puntos de intersecciones que son, principalmente, aquellos donde trabaja y opera la UOCT\u201d, indic\u00f3.<\/p>\n\n\n\n<p>Adem\u00e1s, el alcalde proyect\u00f3 mejoras integrales en conectividad para los pr\u00f3ximos meses \u201cDentro de un a\u00f1o esperamos haber inaugurado dos puentes, Ferroviario e Industrial, las terceras v\u00edas de la Ruta 160, adjudicar la Ruta Pie de Monte y el corredor de transporte p\u00fablico. Sabemos que requerimos medidas multifactoriales, y esta es una de ellas\u201d, subray\u00f3.<\/p>\n\n\n\n<p>Con la aprobaci\u00f3n de los recursos, el estudio ser\u00e1&nbsp;licitado por la Municipalidad de San Pedro de la Paz&nbsp;con apoyo t\u00e9cnico de la UOCT. Se espera su&nbsp;inicio en marzo de 2026, y su implementaci\u00f3n pretende fortalecer la red de sem\u00e1foros regionales, que ya cuenta con&nbsp;438 cruces integrados y 68 c\u00e1maras de monitoreo&nbsp;en comunas como Concepci\u00f3n, Chiguayante, Coronel, Los \u00c1ngeles, Hualp\u00e9n, Talcahuano, Tom\u00e9 y San Pedro de la Paz.<\/p>\n\n\n\n<p><\/p>\n","protected":false},"excerpt":{"rendered":"<p>El Consejo Regional del Biob\u00edo aprob\u00f3 una inversi\u00f3n de&nbsp;$192 millones&nbsp;para ejecutar un proyecto impulsado por la&nbsp;Unidad Operativa de Control de Tr\u00e1nsito (UOCT)&nbsp;y la&nbsp;Municipalidad de San Pedro de la Paz, que permitir\u00e1 actualizar la programaci\u00f3n de sem\u00e1foros en tres de los principales ejes viales de la comuna:&nbsp;Avenida Pedro Aguirre Cerda, Ruta 160 y Avenida Michimalonco. La &hellip;<\/p>\n","protected":false},"author":1,"featured_media":2580,"comment_status":"closed","ping_status":"closed","sticky":false,"template":"","format":"standard","meta":{"footnotes":""},"categories":[16],"tags":[],"class_list":["post-2575","post","type-post","status-publish","format-standard","has-post-thumbnail","hentry","category-actualidad"],"_links":{"self":[{"href":"https:\/\/buensonido.cl\/index.php?rest_route=\/wp\/v2\/posts\/2575","targetHints":{"allow":["GET"]}}],"collection":[{"href":"https:\/\/buensonido.cl\/index.php?rest_route=\/wp\/v2\/posts"}],"about":[{"href":"https:\/\/buensonido.cl\/index.php?rest_route=\/wp\/v2\/types\/post"}],"author":[{"embeddable":true,"href":"https:\/\/buensonido.cl\/index.php?rest_route=\/wp\/v2\/users\/1"}],"replies":[{"embeddable":true,"href":"https:\/\/buensonido.cl\/index.php?rest_route=%2Fwp%2Fv2%2Fcomments&post=2575"}],"version-history":[{"count":0,"href":"https:\/\/buensonido.cl\/index.php?rest_route=\/wp\/v2\/posts\/2575\/revisions"}],"wp:featuredmedia":[{"embeddable":true,"href":"https:\/\/buensonido.cl\/index.php?rest_route=\/wp\/v2\/media\/2580"}],"wp:attachment":[{"href":"https:\/\/buensonido.cl\/index.php?rest_route=%2Fwp%2Fv2%2Fmedia&parent=2575"}],"wp:term":[{"taxonomy":"category","embeddable":true,"href":"https:\/\/buensonido.cl\/index.php?rest_route=%2Fwp%2Fv2%2Fcategories&post=2575"},{"taxonomy":"post_tag","embeddable":true,"href":"https:\/\/buensonido.cl\/index.php?rest_route=%2Fwp%2Fv2%2Ftags&post=2575"}],"curies":[{"name":"wp","href":"https:\/\/api.w.org\/{rel}","templated":true}]}}