{"id":2564,"date":"2025-08-27T18:24:49","date_gmt":"2025-08-27T21:24:49","guid":{"rendered":"https:\/\/buensonido.cl\/?p=2564"},"modified":"2025-08-27T18:24:49","modified_gmt":"2025-08-27T21:24:49","slug":"ninos-y-ninas-de-coronel-disfrutaron-de-la-caravana-del-rally-mundial-wrc","status":"publish","type":"post","link":"https:\/\/buensonido.cl\/?p=2564","title":{"rendered":"Ni\u00f1os y ni\u00f1as de Coronel disfrutaron de la caravana del Rally Mundial WRC"},"content":{"rendered":"\n<p>Este mi\u00e9rcoles, a las 11:30 horas, la plaza c\u00edvica de la comuna de Coronel dio la bienvenida a la caravana planificada para llegar a 33 comunas de la regi\u00f3n, organizada en el marco de la presentaci\u00f3n del Rally Mundial WRC a realizarse desde el 11 al 14 de septiembre.<\/p>\n\n\n\n<p>En la actividad participaron autoridades locales, agentes organizadores, la comunidad que se acerc\u00f3 al lugar y sobre todo se realiz\u00f3 \u00e9nfasis en la participaci\u00f3n de ni\u00f1os, ni\u00f1as y adolescentes pertenecientes a establecimientos educacionales de Coronel. Los que se hicieron parte de la celebraci\u00f3n mediante la exposici\u00f3n de autos y camionetas que competir\u00e1n en la fase mundial, y a trav\u00e9s de concursos en los que obtuvieron regalos conmemorativos y <em>merchandising<\/em> del evento que contar\u00e1 con etapas en Yumbel, San Rosendo, Talcahuano, Santa Juana, Lota, Arauco, Laraquete y Concepci\u00f3n.<\/p>\n\n\n\n<figure class=\"wp-block-image size-large is-resized\"><img decoding=\"async\" src=\"https:\/\/buensonido.cl\/wp-content\/uploads\/2025\/08\/rally-4-1-1024x768.jpg\" alt=\"\" class=\"wp-image-2570\" style=\"width:421px;height:auto\"\/><\/figure>\n\n\n\n<p>La actividad comenzar\u00e1 el jueves 11 de septiembre con la disputa del <em>Shakedown<\/em> (Conuco-Florida). Luego, la Plaza de la Independencia albergar\u00e1 la ceremonia de largada a las 19:00.<\/p>\n\n\n\n<p>Al d\u00eda siguiente, la primera etapa pasar\u00e1 por los tramos de Pulper\u00eda, Rere y San Rosendo. El s\u00e1bado, los participantes se dirigir\u00e1n a Pel\u00fan, Lota y Mar\u00eda Las Cruces, para el domingo 14 dirigirse a Laraquete.<\/p>\n\n\n\n<p><\/p>\n","protected":false},"excerpt":{"rendered":"<p>Este mi\u00e9rcoles, a las 11:30 horas, la plaza c\u00edvica de la comuna de Coronel dio la bienvenida a la caravana planificada para llegar a 33 comunas de la regi\u00f3n, organizada en el marco de la presentaci\u00f3n del Rally Mundial WRC a realizarse desde el 11 al 14 de septiembre. En la actividad participaron autoridades locales, &hellip;<\/p>\n","protected":false},"author":1,"featured_media":2569,"comment_status":"closed","ping_status":"closed","sticky":false,"template":"","format":"standard","meta":{"footnotes":""},"categories":[16,24],"tags":[],"class_list":["post-2564","post","type-post","status-publish","format-standard","has-post-thumbnail","hentry","category-actualidad","category-deportes"],"_links":{"self":[{"href":"https:\/\/buensonido.cl\/index.php?rest_route=\/wp\/v2\/posts\/2564","targetHints":{"allow":["GET"]}}],"collection":[{"href":"https:\/\/buensonido.cl\/index.php?rest_route=\/wp\/v2\/posts"}],"about":[{"href":"https:\/\/buensonido.cl\/index.php?rest_route=\/wp\/v2\/types\/post"}],"author":[{"embeddable":true,"href":"https:\/\/buensonido.cl\/index.php?rest_route=\/wp\/v2\/users\/1"}],"replies":[{"embeddable":true,"href":"https:\/\/buensonido.cl\/index.php?rest_route=%2Fwp%2Fv2%2Fcomments&post=2564"}],"version-history":[{"count":0,"href":"https:\/\/buensonido.cl\/index.php?rest_route=\/wp\/v2\/posts\/2564\/revisions"}],"wp:featuredmedia":[{"embeddable":true,"href":"https:\/\/buensonido.cl\/index.php?rest_route=\/wp\/v2\/media\/2569"}],"wp:attachment":[{"href":"https:\/\/buensonido.cl\/index.php?rest_route=%2Fwp%2Fv2%2Fmedia&parent=2564"}],"wp:term":[{"taxonomy":"category","embeddable":true,"href":"https:\/\/buensonido.cl\/index.php?rest_route=%2Fwp%2Fv2%2Fcategories&post=2564"},{"taxonomy":"post_tag","embeddable":true,"href":"https:\/\/buensonido.cl\/index.php?rest_route=%2Fwp%2Fv2%2Ftags&post=2564"}],"curies":[{"name":"wp","href":"https:\/\/api.w.org\/{rel}","templated":true}]}}