{"id":2520,"date":"2025-08-25T16:58:55","date_gmt":"2025-08-25T19:58:55","guid":{"rendered":"https:\/\/buensonido.cl\/?p=2520"},"modified":"2025-08-25T16:58:55","modified_gmt":"2025-08-25T19:58:55","slug":"con-mas-de-100-bailarines-en-escena-coronel-celebro-el-dia-del-folclore-2025","status":"publish","type":"post","link":"https:\/\/buensonido.cl\/?p=2520","title":{"rendered":"Con m\u00e1s de 100 bailarines en escena Coronel celebr\u00f3 el D\u00eda del Folclore 2025"},"content":{"rendered":"\n<p>Ante una Casa de la Cultura Jorge Vigueras Llanos ocupada en su m\u00e1xima capacidad, y en el marco del aniversario 176 de la comuna, La Oficina de Cultura, Artes y Patrimonio congreg\u00f3 a 8 agrupaciones de danza en torno a la celebraci\u00f3n del D\u00eda del Folclore. Los bailarines, despu\u00e9s de semanas de trabajo y<br>preparaci\u00f3n, presentaron cuadros llenos de energ\u00eda y emotividad, capturando as\u00ed la esencia<br>del folclore de Chile y Latinoam\u00e9rica.<\/p>\n\n\n\n<p><br>El espect\u00e1culo comenz\u00f3 con Entre Rieles, quienes se encargaron de abrir los fuegos con una<br>destreza de cueca mixta, para luego viajar hasta el norte del pa\u00eds con el Ballet Folcl\u00f3rico del<br>Liceo de Coronel, que trajeron \u00abMayra Carnaval\u00bb a la sala Graciela Valenzuela de la Casa de la<br>Cultura.<\/p>\n\n\n\n<p><br>Agrupaci\u00f3n Ayil\u00e9n encarn\u00f3 la energ\u00eda de los Retablos Peruanos, mientras que Millakur\u00fa y el<br>Club de Cueca Altos de Coronel completaron la demostraci\u00f3n de la cueca huasa tanto en<br>coreograf\u00edas grupales como en destrezas con la calidad que los caracteriza. Brenda y Mart\u00edn,<br>dupla de bailarines locales, encarnaron \u00abFantas\u00eda Veracruzana\u00bb, llenando de elegancia y<br>elaborados zapateos el escenario.<\/p>\n\n\n\n<p><br>Dentro del folclor nacional, el Ballet Folcl\u00f3rico de Coronel mostr\u00f3 su talento con \u201cAyun Mapu\u201d,<br>un trabajo que rescata el legado de la cultura mapuche en la danza folcl\u00f3rica. Y por su lado, la<br>Compa\u00f1\u00eda de Danzas Baila Am\u00e9rica despleg\u00f3 su fuerza con el montaje \u201cMujer del Antiplano\u201d.<\/p>\n\n\n\n<figure class=\"wp-block-image size-large is-resized\"><img decoding=\"async\" src=\"https:\/\/buensonido.cl\/wp-content\/uploads\/2025\/08\/folclore-2-1024x768.jpg\" alt=\"\" class=\"wp-image-2522\" style=\"width:726px;height:auto\"\/><\/figure>\n\n\n\n<p class=\"has-text-align-left\"><br>La instancia, valorada profundamente por la comunidad, dej\u00f3 tambi\u00e9n en evidencia la necesidad<br>de un nuevo centro cultural para la comuna, esta vez, ubicado en el sector de Lagunillas Norte.<br>As\u00ed como lo hizo saber el director de esta oficina minicipal, Yhony Camus, quien, en medio de<br>la finalizaci\u00f3n del espect\u00e1culo solicit\u00f3 al concejal Bryan Arellanos, presente en el sal\u00f3n, el<br>apoyo en dicho proyecto. Una ambici\u00f3n que se espera se logre en tiempos venideros.<\/p>\n\n\n\n<p class=\"has-text-align-left\"><br>Con esta actividad se pretende dar a conocer los talentos existentes en Coronel. No tan solo de<br>las agrupaciones que esta vez subieron al escenario, sino tambi\u00e9n, dar espacio a los m\u00e1s de<br>500 bailarines que componen las diferentes compa\u00f1\u00edas, escuelas de danza o ballets de la<br>comuna.<\/p>\n","protected":false},"excerpt":{"rendered":"<p>Ante una Casa de la Cultura Jorge Vigueras Llanos ocupada en su m\u00e1xima capacidad, y en el marco del aniversario 176 de la comuna, La Oficina de Cultura, Artes y Patrimonio congreg\u00f3 a 8 agrupaciones de danza en torno a la celebraci\u00f3n del D\u00eda del Folclore. Los bailarines, despu\u00e9s de semanas de trabajo ypreparaci\u00f3n, presentaron &hellip;<\/p>\n","protected":false},"author":1,"featured_media":2521,"comment_status":"closed","ping_status":"closed","sticky":false,"template":"","format":"standard","meta":{"footnotes":""},"categories":[16],"tags":[],"class_list":["post-2520","post","type-post","status-publish","format-standard","has-post-thumbnail","hentry","category-actualidad"],"_links":{"self":[{"href":"https:\/\/buensonido.cl\/index.php?rest_route=\/wp\/v2\/posts\/2520","targetHints":{"allow":["GET"]}}],"collection":[{"href":"https:\/\/buensonido.cl\/index.php?rest_route=\/wp\/v2\/posts"}],"about":[{"href":"https:\/\/buensonido.cl\/index.php?rest_route=\/wp\/v2\/types\/post"}],"author":[{"embeddable":true,"href":"https:\/\/buensonido.cl\/index.php?rest_route=\/wp\/v2\/users\/1"}],"replies":[{"embeddable":true,"href":"https:\/\/buensonido.cl\/index.php?rest_route=%2Fwp%2Fv2%2Fcomments&post=2520"}],"version-history":[{"count":0,"href":"https:\/\/buensonido.cl\/index.php?rest_route=\/wp\/v2\/posts\/2520\/revisions"}],"wp:featuredmedia":[{"embeddable":true,"href":"https:\/\/buensonido.cl\/index.php?rest_route=\/wp\/v2\/media\/2521"}],"wp:attachment":[{"href":"https:\/\/buensonido.cl\/index.php?rest_route=%2Fwp%2Fv2%2Fmedia&parent=2520"}],"wp:term":[{"taxonomy":"category","embeddable":true,"href":"https:\/\/buensonido.cl\/index.php?rest_route=%2Fwp%2Fv2%2Fcategories&post=2520"},{"taxonomy":"post_tag","embeddable":true,"href":"https:\/\/buensonido.cl\/index.php?rest_route=%2Fwp%2Fv2%2Ftags&post=2520"}],"curies":[{"name":"wp","href":"https:\/\/api.w.org\/{rel}","templated":true}]}}