{"id":2500,"date":"2025-08-14T00:39:27","date_gmt":"2025-08-14T03:39:27","guid":{"rendered":"https:\/\/buensonido.cl\/?p=2500"},"modified":"2025-08-14T00:39:27","modified_gmt":"2025-08-14T03:39:27","slug":"crece-programa-preventivo-en-transporte-publico-25-lineas-activan-controles-de-drogas-y-alcohol-en-el-gran-concepcion","status":"publish","type":"post","link":"https:\/\/buensonido.cl\/?p=2500","title":{"rendered":"Crece programa preventivo en transporte p\u00fablico: 25 l\u00edneas activan controles de drogas y alcohol en el Gran Concepci\u00f3n"},"content":{"rendered":"\n<p>Un total de 25 l\u00edneas del transporte p\u00fablico del Gran Concepci\u00f3n forman parte del programa de educaci\u00f3n, prevenci\u00f3n y rehabilitaci\u00f3n de consumo de drogas y alcohol impulsado por la Asociaci\u00f3n Gremial Provincial de Due\u00f1os de Taxibuses y el Servicio Nacional para la Prevenci\u00f3n y Rehabilitaci\u00f3n del Consumo de Drogas y Alcohol (Senda).<\/p>\n\n\n\n<p>El convenio, calificado como pionero a nivel nacional, increment\u00f3 en un 50% la cobertura del plan, pasando de 10 a 25 l\u00edneas, e involucra a cerca de 2.000 personas entre conductores y personal administrativo. La iniciativa contempla capacitaci\u00f3n, entrega de material educativo, actividades de salud, detecci\u00f3n temprana y derivaci\u00f3n a tratamiento, con el fin de reforzar la seguridad vial y la confianza de los pasajeros.<\/p>\n\n\n\n<p>Autoridades regionales, como el delegado presidencial Eduardo Pacheco y el seremi de Transportes Patricio Fierro, destacaron que la medida fortalece el prestigio del transporte p\u00fablico y busca reducir a cero la conducci\u00f3n bajo efectos de drogas o alcohol.<\/p>\n\n\n\n<p>El presidente de la asociaci\u00f3n gremial, Alejandro Riquelme, subray\u00f3 que el objetivo no es estigmatizar, sino prevenir y rehabilitar, beneficiando a todos los trabajadores del sector. En tanto, el director regional de Senda, Bayron Mart\u00ednez, afirm\u00f3 que el acuerdo constituye un hito en pol\u00edticas p\u00fablicas, con potencial para generar un cambio cultural en la prevenci\u00f3n de consumos problem\u00e1ticos en el transporte y otros \u00e1mbitos laborales.<\/p>\n\n\n\n<figure class=\"wp-block-image size-large\"><img decoding=\"async\" src=\"https:\/\/buensonido.cl\/wp-content\/uploads\/2025\/08\/120825-Fotos-convenio-Asociacion-taxibuseros-y-Senda-5-1024x682.jpeg\" alt=\"\" class=\"wp-image-2501\"\/><\/figure>\n\n\n\n<figure class=\"wp-block-image size-large\"><img decoding=\"async\" src=\"https:\/\/buensonido.cl\/wp-content\/uploads\/2025\/08\/120825-Fotos-convenio-Asociacion-taxibuseros-y-Senda-1-1024x682.jpeg\" alt=\"\" class=\"wp-image-2502\"\/><\/figure>\n","protected":false},"excerpt":{"rendered":"<p>Un total de 25 l\u00edneas del transporte p\u00fablico del Gran Concepci\u00f3n forman parte del programa de educaci\u00f3n, prevenci\u00f3n y rehabilitaci\u00f3n de consumo de drogas y alcohol impulsado por la Asociaci\u00f3n Gremial Provincial de Due\u00f1os de Taxibuses y el Servicio Nacional para la Prevenci\u00f3n y Rehabilitaci\u00f3n del Consumo de Drogas y Alcohol (Senda). El convenio, calificado &hellip;<\/p>\n","protected":false},"author":1,"featured_media":2502,"comment_status":"closed","ping_status":"closed","sticky":false,"template":"","format":"standard","meta":{"footnotes":""},"categories":[16],"tags":[],"class_list":["post-2500","post","type-post","status-publish","format-standard","has-post-thumbnail","hentry","category-actualidad"],"_links":{"self":[{"href":"https:\/\/buensonido.cl\/index.php?rest_route=\/wp\/v2\/posts\/2500","targetHints":{"allow":["GET"]}}],"collection":[{"href":"https:\/\/buensonido.cl\/index.php?rest_route=\/wp\/v2\/posts"}],"about":[{"href":"https:\/\/buensonido.cl\/index.php?rest_route=\/wp\/v2\/types\/post"}],"author":[{"embeddable":true,"href":"https:\/\/buensonido.cl\/index.php?rest_route=\/wp\/v2\/users\/1"}],"replies":[{"embeddable":true,"href":"https:\/\/buensonido.cl\/index.php?rest_route=%2Fwp%2Fv2%2Fcomments&post=2500"}],"version-history":[{"count":0,"href":"https:\/\/buensonido.cl\/index.php?rest_route=\/wp\/v2\/posts\/2500\/revisions"}],"wp:featuredmedia":[{"embeddable":true,"href":"https:\/\/buensonido.cl\/index.php?rest_route=\/wp\/v2\/media\/2502"}],"wp:attachment":[{"href":"https:\/\/buensonido.cl\/index.php?rest_route=%2Fwp%2Fv2%2Fmedia&parent=2500"}],"wp:term":[{"taxonomy":"category","embeddable":true,"href":"https:\/\/buensonido.cl\/index.php?rest_route=%2Fwp%2Fv2%2Fcategories&post=2500"},{"taxonomy":"post_tag","embeddable":true,"href":"https:\/\/buensonido.cl\/index.php?rest_route=%2Fwp%2Fv2%2Ftags&post=2500"}],"curies":[{"name":"wp","href":"https:\/\/api.w.org\/{rel}","templated":true}]}}