{"id":2472,"date":"2025-07-29T12:06:57","date_gmt":"2025-07-29T15:06:57","guid":{"rendered":"https:\/\/buensonido.cl\/?p=2472"},"modified":"2025-07-29T12:06:57","modified_gmt":"2025-07-29T15:06:57","slug":"centro-de-emprendimiento-de-colbun-culmina-programas-de-formacion-para-emprendedores-con-apoyo-academico-y-capital-semilla","status":"publish","type":"post","link":"https:\/\/buensonido.cl\/?p=2472","title":{"rendered":"Centro de Emprendimiento de Colb\u00fan culmina programas de formaci\u00f3n para emprendedores con apoyo acad\u00e9mico y\u00a0capital semilla"},"content":{"rendered":"\n<p>Culminando el mes de julio, el Centro de Emprendimiento de Colb\u00fan cerr\u00f3&nbsp;dos programas que pusieron&nbsp;\u00e9nfasis en la formaci\u00f3n pr\u00e1ctica, la articulaci\u00f3n con instituciones acad\u00e9micas y el acompa\u00f1amiento directo a emprendedores de distintas localidades del Biob\u00edo.<\/p>\n\n\n\n<p>Una de ellas fue el programa \u201cImpacto Digital\u201d, desarrollado en alianza con el Instituto Profesional Virginio G\u00f3mez. Esta experiencia permiti\u00f3&nbsp;a estudiantes de la carrera T\u00e9cnico en Administraci\u00f3n, menci\u00f3n Marketing Digital, trabajar directamente con 14 emprendedores, entregando asesor\u00edas personalizadas y aplicando conocimientos en terreno tras seis sesiones de formaci\u00f3n online.<\/p>\n\n\n\n<p>Desde el IP Virginio G\u00f3mez, el director de Vinculaci\u00f3n con el Medio e Innovaci\u00f3n, Juan Pablo Sanhueza, destac\u00f3&nbsp;que&nbsp;\u201cha sido una experiencia muy desafiante, porque nos ha interpelado a conectar a nuestros estudiantes y docentes con el mundo real, con las necesidades concretas de los emprendedores, especialmente de las peque\u00f1as y medianas empresas. A la vez, ha sido tremendamente satisfactorio ver el desarrollo de nuestros estudiantes y c\u00f3mo cada emprendedora o emprendedor asesorado reconoce y valora su aporte. Ha sido una gran experiencia, que esperamos pueda replicarse en el tiempo\u201d.<\/p>\n\n\n\n<p>Claudio Inzunza Villena, director del Centro de Emprendimiento Colb\u00fan (sede Coronel), valor\u00f3&nbsp;el trabajo conjunto con el instituto.&nbsp;\u201cEs un programa muy especial, porque permite aprovechar el conocimiento y la creatividad de los estudiantes para aplicarlos al desarrollo de emprendedores. En un entorno donde el marketing digital y la inteligencia artificial avanzan a pasos agigantados, iniciativas como esta ayudan a que los emprendedores no se queden atr\u00e1s\u201d, recalc\u00f3.<\/p>\n\n\n\n<p>Desde la experiencia de los propios estudiantes, C\u00e9sar Alvear Pe\u00f1a, egresado de la promoci\u00f3n 2025, destac\u00f3&nbsp;que&nbsp;\u201cuna cosa es lo que uno aprende en libros o simulaciones, y otra muy distinta es enfrentar un emprendimiento real con necesidades y frustraciones concretas\u201d. Para Antonia de Barbieri, tambi\u00e9n estudiante, fue&nbsp;\u201cuna instancia nutritiva en lo profesional y personal, una oportunidad de aprendizaje constante\u201d.<\/p>\n\n\n\n<p>Entre los emprendimientos asesorados, Yubiza Zizak, directora t\u00e9cnica de Cyma Salud, valor\u00f3&nbsp;el impacto del proceso. Como participante del programa Yo Puedo, Mujer Emprendedora que impulsa Colb\u00fan, pudo acceder al acompa\u00f1amiento especializado del Centro y ser parte del programa Impacto Digital.&nbsp;\u201cCuando comenzamos no ten\u00edamos presencia virtual, y lo poco que exist\u00eda era muy disparejo. El apoyo recibido permiti\u00f3&nbsp;construir una imagen digital coherente con nuestros procedimientos y principios. El cambio fue enorme\u201d, explic\u00f3.<\/p>\n\n\n\n<p><strong>Capacitaci\u00f3n y capital semilla en&nbsp;<\/strong><strong>Charr<\/strong><strong>\u00faa<\/strong><strong><\/strong><\/p>\n\n\n\n<p>En tanto, en la comuna de Cabrero, se realiz\u00f3&nbsp;la ceremonia de cierre de la quinta versi\u00f3n del programa Charr\u00faa Emprende, orientado a emprendedores de las localidades de Charr\u00faa, El Manzano, El Progreso, Puentes Negros y Colicheo.<\/p>\n\n\n\n<p>El programa asociativo entre Colb\u00fan y IPS Energy, consider\u00f3&nbsp;18 horas de capacitaci\u00f3n presencial, con foco en modelos de negocio, formalizaci\u00f3n de empresas, cumplimiento tributario, postulaci\u00f3n a fondos p\u00fablicos y desarrollo de pitch. En esta edici\u00f3n, 11 personas finalizaron el proceso formativo y siete de ellas recibieron un capital semilla para fortalecer sus emprendimientos.<\/p>\n\n\n\n<p>\u00c1lvaro Lagos, coordinador de Preincubaci\u00f3n del Centro de Emprendimiento de Colb\u00fan, destac\u00f3&nbsp;la convocatoria.&nbsp;\u201cRecibimos m\u00e1s de 30 postulaciones y finalizaron 11. Fue un filtro riguroso y contamos con excelente asistencia en todos los talleres\u201d, precis\u00f3.<\/p>\n\n\n\n<p>Desde la empresa IPS Energy, entidad colaboradora del programa, Mat\u00edas Eyzaguirre, coordinador de Asuntos P\u00fablicos y Comunitarios, valor\u00f3&nbsp;el proceso abierto y transparente, que se difundi\u00f3 por radio y redes sociales. A su juicio, uno de los aspectos m\u00e1s interesantes fue que los postulantes tuvieran que presentar sus ideas ante una comisi\u00f3n evaluadora, compuesta por seis profesionales.<\/p>\n\n\n\n<p>Alicia Beltr\u00e1n, emprendedora de Charr\u00faa Sur,&nbsp;confes\u00f3&nbsp;que esta era la primera vez que postulaba a una ayuda de este tipo. Al respecto, explica:&nbsp;\u201cNecesitaba mucho apoyo, porque trabajo sola y me costaba avanzar con el emprendimiento. Aprend\u00ed c\u00f3mo manejar y regular mi negocio\u201d.<\/p>\n\n\n\n<p>Por su parte, Ver\u00f3nica Villena, fundadora de El Rinc\u00f3n del Amasado, destac\u00f3 que \u201cestas capacitaciones nos ayudaron a crecer. Ten\u00edamos ganas, pero poco conocimiento. Aqu\u00ed&nbsp;pudimos materializar nuestras ideas y hacer que el negocio creciera m\u00e1s all\u00e1&nbsp;de lo imaginado\u201d.<\/p>\n\n\n\n<p>Estas iniciativas del Centro de Emprendimiento Colb\u00fan (CEC), marcadas por su naturaleza asociativa y en red con otras empresas e instituciones, reflejan el esfuerzo por fortalecer el ecosistema emprendedor de la Regi\u00f3n del Biob\u00edo, integrando formaci\u00f3n t\u00e9cnica, redes de apoyo y capital semilla con pertinencia territorial.<\/p>\n\n\n\n<figure class=\"wp-block-image size-large\"><img decoding=\"async\" src=\"https:\/\/buensonido.cl\/wp-content\/uploads\/2025\/07\/Charrua-Emprende-1-1024x768.jpeg\" alt=\"\" class=\"wp-image-2473\"\/><\/figure>\n\n\n\n<figure class=\"wp-block-image size-large\"><img decoding=\"async\" src=\"https:\/\/buensonido.cl\/wp-content\/uploads\/2025\/07\/CEC-Virginio-1024x768.jpeg\" alt=\"\" class=\"wp-image-2474\"\/><\/figure>\n","protected":false},"excerpt":{"rendered":"<p>Culminando el mes de julio, el Centro de Emprendimiento de Colb\u00fan cerr\u00f3&nbsp;dos programas que pusieron&nbsp;\u00e9nfasis en la formaci\u00f3n pr\u00e1ctica, la articulaci\u00f3n con instituciones acad\u00e9micas y el acompa\u00f1amiento directo a emprendedores de distintas localidades del Biob\u00edo. Una de ellas fue el programa \u201cImpacto Digital\u201d, desarrollado en alianza con el Instituto Profesional Virginio G\u00f3mez. Esta experiencia permiti\u00f3&nbsp;a &hellip;<\/p>\n","protected":false},"author":1,"featured_media":2473,"comment_status":"closed","ping_status":"closed","sticky":false,"template":"","format":"standard","meta":{"footnotes":""},"categories":[16],"tags":[],"class_list":["post-2472","post","type-post","status-publish","format-standard","has-post-thumbnail","hentry","category-actualidad"],"_links":{"self":[{"href":"https:\/\/buensonido.cl\/index.php?rest_route=\/wp\/v2\/posts\/2472","targetHints":{"allow":["GET"]}}],"collection":[{"href":"https:\/\/buensonido.cl\/index.php?rest_route=\/wp\/v2\/posts"}],"about":[{"href":"https:\/\/buensonido.cl\/index.php?rest_route=\/wp\/v2\/types\/post"}],"author":[{"embeddable":true,"href":"https:\/\/buensonido.cl\/index.php?rest_route=\/wp\/v2\/users\/1"}],"replies":[{"embeddable":true,"href":"https:\/\/buensonido.cl\/index.php?rest_route=%2Fwp%2Fv2%2Fcomments&post=2472"}],"version-history":[{"count":0,"href":"https:\/\/buensonido.cl\/index.php?rest_route=\/wp\/v2\/posts\/2472\/revisions"}],"wp:featuredmedia":[{"embeddable":true,"href":"https:\/\/buensonido.cl\/index.php?rest_route=\/wp\/v2\/media\/2473"}],"wp:attachment":[{"href":"https:\/\/buensonido.cl\/index.php?rest_route=%2Fwp%2Fv2%2Fmedia&parent=2472"}],"wp:term":[{"taxonomy":"category","embeddable":true,"href":"https:\/\/buensonido.cl\/index.php?rest_route=%2Fwp%2Fv2%2Fcategories&post=2472"},{"taxonomy":"post_tag","embeddable":true,"href":"https:\/\/buensonido.cl\/index.php?rest_route=%2Fwp%2Fv2%2Ftags&post=2472"}],"curies":[{"name":"wp","href":"https:\/\/api.w.org\/{rel}","templated":true}]}}