{"id":2462,"date":"2025-07-28T11:39:52","date_gmt":"2025-07-28T14:39:52","guid":{"rendered":"https:\/\/buensonido.cl\/?p=2462"},"modified":"2025-07-28T11:39:52","modified_gmt":"2025-07-28T14:39:52","slug":"gran-concepcion-contara-con-cobro-electronico-en-el-transporte-publico-desde-2026-incluira-tarjetas-bancarias-y-codigos-qr","status":"publish","type":"post","link":"https:\/\/buensonido.cl\/?p=2462","title":{"rendered":"Gran Concepci\u00f3n contar\u00e1 con cobro electr\u00f3nico en el transporte p\u00fablico desde 2026: incluir\u00e1 tarjetas bancarias y c\u00f3digos QR"},"content":{"rendered":"\n<p>En una nueva etapa hacia la modernizaci\u00f3n del transporte p\u00fablico, autoridades del Ministerio de Transportes y Telecomunicaciones anunciaron que el sistema de cobro electr\u00f3nico estar\u00e1 operativo en el Gran Concepci\u00f3n durante el segundo trimestre de 2026. La medida incluir\u00e1 medios de pago como tarjetas bancarias (cr\u00e9dito y d\u00e9bito) y c\u00f3digos QR, superando incluso lo implementado en Santiago.<\/p>\n\n\n\n<p>La informaci\u00f3n fue entregada durante la segunda jornada de coordinaci\u00f3n realizada en el centro de eventos Suractivo, donde m\u00e1s de 30 representantes de empresas de transporte p\u00fablico de Concepci\u00f3n, Santa Juana y Tom\u00e9 participaron en una charla informativa liderada por el seremi de Transportes, Patricio Fierro, y el jefe nacional de Transporte P\u00fablico Regional, Crist\u00f3bal Pineda.<\/p>\n\n\n\n<p>Fierro destac\u00f3 los beneficios para usuarios, operadores y conductores, se\u00f1alando que el nuevo sistema permitir\u00e1 prescindir del pago en efectivo y mejorar la seguridad a bordo. \u201cEste es un paso importante para un sistema de transporte m\u00e1s moderno, seguro y transparente\u201d, expres\u00f3 la autoridad.<\/p>\n\n\n\n<p>Desde el gremio, Arturo Giusti, presidente de la Federaci\u00f3n Gremial de Transporte Pasajero Concepci\u00f3n, valor\u00f3 el avance y manifest\u00f3 la disposici\u00f3n del sector a colaborar con el proceso, pese a que inicialmente hab\u00edan intentado liderarlo desde el mundo privado.<\/p>\n\n\n\n<p>Por su parte, Pineda subray\u00f3 que se trata de un modelo replicado en otras regiones del pa\u00eds y que contar\u00e1 con una gobernanza participativa, incorporando a representantes del gremio en el directorio que supervisar\u00e1 el funcionamiento financiero del sistema.<\/p>\n\n\n\n<p>Adem\u00e1s, se inform\u00f3 que la licitaci\u00f3n contempla la operaci\u00f3n de 80 nuevos buses \u201450 el\u00e9ctricos y 30 di\u00e9sel\u2014 con est\u00e1ndar Red y accesibilidad universal, los que se sumar\u00e1n a esta transformaci\u00f3n durante el segundo semestre de 2026.<\/p>\n\n\n\n<figure class=\"wp-block-image size-large\"><img decoding=\"async\" src=\"https:\/\/buensonido.cl\/wp-content\/uploads\/2025\/07\/230725-Fotos-Seminario-Cobro-electronico-2-1024x682.jpeg\" alt=\"\" class=\"wp-image-2463\"\/><\/figure>\n\n\n\n<figure class=\"wp-block-image size-large\"><img decoding=\"async\" src=\"https:\/\/buensonido.cl\/wp-content\/uploads\/2025\/07\/230725-Fotos-Seminario-Cobro-electronico-4-1024x682.jpeg\" alt=\"\" class=\"wp-image-2464\"\/><\/figure>\n","protected":false},"excerpt":{"rendered":"<p>En una nueva etapa hacia la modernizaci\u00f3n del transporte p\u00fablico, autoridades del Ministerio de Transportes y Telecomunicaciones anunciaron que el sistema de cobro electr\u00f3nico estar\u00e1 operativo en el Gran Concepci\u00f3n durante el segundo trimestre de 2026. La medida incluir\u00e1 medios de pago como tarjetas bancarias (cr\u00e9dito y d\u00e9bito) y c\u00f3digos QR, superando incluso lo implementado &hellip;<\/p>\n","protected":false},"author":1,"featured_media":2463,"comment_status":"closed","ping_status":"closed","sticky":false,"template":"","format":"standard","meta":{"footnotes":""},"categories":[16],"tags":[],"class_list":["post-2462","post","type-post","status-publish","format-standard","has-post-thumbnail","hentry","category-actualidad"],"_links":{"self":[{"href":"https:\/\/buensonido.cl\/index.php?rest_route=\/wp\/v2\/posts\/2462","targetHints":{"allow":["GET"]}}],"collection":[{"href":"https:\/\/buensonido.cl\/index.php?rest_route=\/wp\/v2\/posts"}],"about":[{"href":"https:\/\/buensonido.cl\/index.php?rest_route=\/wp\/v2\/types\/post"}],"author":[{"embeddable":true,"href":"https:\/\/buensonido.cl\/index.php?rest_route=\/wp\/v2\/users\/1"}],"replies":[{"embeddable":true,"href":"https:\/\/buensonido.cl\/index.php?rest_route=%2Fwp%2Fv2%2Fcomments&post=2462"}],"version-history":[{"count":0,"href":"https:\/\/buensonido.cl\/index.php?rest_route=\/wp\/v2\/posts\/2462\/revisions"}],"wp:featuredmedia":[{"embeddable":true,"href":"https:\/\/buensonido.cl\/index.php?rest_route=\/wp\/v2\/media\/2463"}],"wp:attachment":[{"href":"https:\/\/buensonido.cl\/index.php?rest_route=%2Fwp%2Fv2%2Fmedia&parent=2462"}],"wp:term":[{"taxonomy":"category","embeddable":true,"href":"https:\/\/buensonido.cl\/index.php?rest_route=%2Fwp%2Fv2%2Fcategories&post=2462"},{"taxonomy":"post_tag","embeddable":true,"href":"https:\/\/buensonido.cl\/index.php?rest_route=%2Fwp%2Fv2%2Ftags&post=2462"}],"curies":[{"name":"wp","href":"https:\/\/api.w.org\/{rel}","templated":true}]}}