{"id":2434,"date":"2025-07-03T16:00:30","date_gmt":"2025-07-03T19:00:30","guid":{"rendered":"https:\/\/buensonido.cl\/?p=2434"},"modified":"2025-07-03T16:00:30","modified_gmt":"2025-07-03T19:00:30","slug":"mas-de-60-mujeres-del-biobio-se-graduan-del-programa-yo-puedo-mujer-emprendedora-2025","status":"publish","type":"post","link":"https:\/\/buensonido.cl\/?p=2434","title":{"rendered":"M\u00e1s de 60 mujeres del Biob\u00edo se grad\u00faan del programa \u00abYo Puedo Mujer Emprendedora\u00bb 2025"},"content":{"rendered":"\n<p>Con nuevas herramientas, redes de apoyo y una renovada confianza, m\u00e1s de 60 mujeres de la Regi\u00f3n del Biob\u00edo finalizaron con \u00e9xito la versi\u00f3n 2025 del programa \u201cYo Puedo Mujer Emprendedora\u201d, impulsado por el Centro de Emprendimiento de Colb\u00fan (CEC), que ya suma m\u00e1s de 200 graduadas en sus distintas versiones.<\/p>\n\n\n\n<p>En Coronel, 26 emprendedoras completaron la quinta versi\u00f3n del programa en una ceremonia realizada en Inacap San Pedro de la Paz. Este a\u00f1o, la formaci\u00f3n puso \u00e9nfasis en marketing digital e inteligencia artificial. \u201cHoy podemos decir que pasamos de un 0 a un 100%, es un cambio radical\u201d, destac\u00f3 Yubiza Zizak, fundadora de CymaSalud, quien asegur\u00f3 que el proceso les permiti\u00f3 ordenar su negocio y descubrir habilidades desconocidas.<\/p>\n\n\n\n<p>Vannia Bascu\u00f1\u00e1n, de Autismo Conecta, valor\u00f3 la gu\u00eda recibida: \u201cHoy estamos a semanas de lanzar nuestra plataforma, algo impensado sin este proceso\u201d, afirm\u00f3.<\/p>\n\n\n\n<p>En la provincia del Biob\u00edo, 34 mujeres de Quilaco y Santa B\u00e1rbara tambi\u00e9n se titularon. Jessica Catal\u00e1n, de Abejas sin Fronteras, resalt\u00f3 la energ\u00eda del grupo, mientras que Catalina Carrasco, de Grupo Zima, se\u00f1al\u00f3: \u201cAqu\u00ed no solo creces en lo profesional, tambi\u00e9n en lo personal\u201d.<\/p>\n\n\n\n<p>Marcelo D\u00edaz Bowen, director nacional del CEC, destac\u00f3 la red de confianza que ha surgido del programa: \u201cMuchas participantes de a\u00f1os anteriores hoy son mentoras\u201d. Por su parte, Valeria Gatica, de Colb\u00fan Biob\u00edo Costa, se\u00f1al\u00f3 que las emprendedoras \u201cse creen el \u2018yo puedo\u2019 y se integran con fuerza al ecosistema\u201d.<\/p>\n\n\n\n<figure class=\"wp-block-image size-large\"><img decoding=\"async\" src=\"https:\/\/buensonido.cl\/wp-content\/uploads\/2025\/07\/IMG_7761-1024x576.png\" alt=\"\" class=\"wp-image-2436\"\/><\/figure>\n","protected":false},"excerpt":{"rendered":"<p>Con nuevas herramientas, redes de apoyo y una renovada confianza, m\u00e1s de 60 mujeres de la Regi\u00f3n del Biob\u00edo finalizaron con \u00e9xito la versi\u00f3n 2025 del programa \u201cYo Puedo Mujer Emprendedora\u201d, impulsado por el Centro de Emprendimiento de Colb\u00fan (CEC), que ya suma m\u00e1s de 200 graduadas en sus distintas versiones. En Coronel, 26 emprendedoras &hellip;<\/p>\n","protected":false},"author":1,"featured_media":2436,"comment_status":"closed","ping_status":"closed","sticky":false,"template":"","format":"standard","meta":{"footnotes":""},"categories":[16],"tags":[],"class_list":["post-2434","post","type-post","status-publish","format-standard","has-post-thumbnail","hentry","category-actualidad"],"_links":{"self":[{"href":"https:\/\/buensonido.cl\/index.php?rest_route=\/wp\/v2\/posts\/2434","targetHints":{"allow":["GET"]}}],"collection":[{"href":"https:\/\/buensonido.cl\/index.php?rest_route=\/wp\/v2\/posts"}],"about":[{"href":"https:\/\/buensonido.cl\/index.php?rest_route=\/wp\/v2\/types\/post"}],"author":[{"embeddable":true,"href":"https:\/\/buensonido.cl\/index.php?rest_route=\/wp\/v2\/users\/1"}],"replies":[{"embeddable":true,"href":"https:\/\/buensonido.cl\/index.php?rest_route=%2Fwp%2Fv2%2Fcomments&post=2434"}],"version-history":[{"count":0,"href":"https:\/\/buensonido.cl\/index.php?rest_route=\/wp\/v2\/posts\/2434\/revisions"}],"wp:featuredmedia":[{"embeddable":true,"href":"https:\/\/buensonido.cl\/index.php?rest_route=\/wp\/v2\/media\/2436"}],"wp:attachment":[{"href":"https:\/\/buensonido.cl\/index.php?rest_route=%2Fwp%2Fv2%2Fmedia&parent=2434"}],"wp:term":[{"taxonomy":"category","embeddable":true,"href":"https:\/\/buensonido.cl\/index.php?rest_route=%2Fwp%2Fv2%2Fcategories&post=2434"},{"taxonomy":"post_tag","embeddable":true,"href":"https:\/\/buensonido.cl\/index.php?rest_route=%2Fwp%2Fv2%2Ftags&post=2434"}],"curies":[{"name":"wp","href":"https:\/\/api.w.org\/{rel}","templated":true}]}}