{"id":2419,"date":"2025-06-12T17:52:57","date_gmt":"2025-06-12T20:52:57","guid":{"rendered":"https:\/\/buensonido.cl\/?p=2419"},"modified":"2025-06-12T17:52:57","modified_gmt":"2025-06-12T20:52:57","slug":"avanza-el-biotren-hacia-lota-se-inicia-estudio-de-diseno-del-proyecto-que-proyecta-su-llegada-en-2030","status":"publish","type":"post","link":"https:\/\/buensonido.cl\/?p=2419","title":{"rendered":"Avanza el Biotren hacia Lota: se inicia estudio de dise\u00f1o del proyecto que proyecta su llegada en 2030"},"content":{"rendered":"\n<p>Un importante paso se dio este jueves en el anhelado proyecto de extensi\u00f3n del Biotren hacia Lota. Autoridades regionales y locales anunciaron oficialmente el inicio del estudio de dise\u00f1o, etapa clave que definir\u00e1 el trazado, estaciones y caracter\u00edsticas t\u00e9cnicas del futuro servicio ferroviario que unir\u00eda Concepci\u00f3n con la hist\u00f3rica comuna minera.<\/p>\n\n\n\n<p>El estudio, que se extender\u00e1 hasta 2028, ser\u00e1 la base para el posterior Estudio de Impacto Ambiental, antes de dar paso a las obras de construcci\u00f3n que proyectan la llegada del Biotren a Lota para el a\u00f1o 2030.<\/p>\n\n\n\n<p>Seg\u00fan lo informado, la propuesta contempla cuatro estaciones, iniciando en Playa Blanca y finalizando en la antigua estaci\u00f3n de trenes de Lota, ubicada a un costado de la feria. Las otras tres paradas ser\u00e1n definidas dentro del proceso de dise\u00f1o, que adem\u00e1s incluir\u00e1 instancias de participaci\u00f3n ciudadana para recoger opiniones y preocupaciones de la comunidad.<\/p>\n\n\n\n<p>La presentaci\u00f3n del estudio se realiz\u00f3 en la C\u00e1mara de Comercio de Lota y cont\u00f3 con la presencia del delegado presidencial del Biob\u00edo, Eduardo Pacheco; el gerente general de EFE Sur, Nelson Hern\u00e1ndez; el seremi de Transportes y Telecomunicaciones, Patricio Fierro; y el alcalde de Lota, Jaime V\u00e1squez.<\/p>\n\n\n\n<p>Se espera que en los pr\u00f3ximos meses se realicen nuevas instancias de di\u00e1logo ciudadano para socializar el avance del estudio y recoger aportes de la comunidad lotina.<\/p>\n\n\n\n<figure class=\"wp-block-image size-full is-resized\"><img decoding=\"async\" src=\"https:\/\/buensonido.cl\/wp-content\/uploads\/2025\/06\/Screenshot_2.jpg\" alt=\"\" class=\"wp-image-2420\" style=\"width:795px;height:auto\"\/><\/figure>\n","protected":false},"excerpt":{"rendered":"<p>Un importante paso se dio este jueves en el anhelado proyecto de extensi\u00f3n del Biotren hacia Lota. Autoridades regionales y locales anunciaron oficialmente el inicio del estudio de dise\u00f1o, etapa clave que definir\u00e1 el trazado, estaciones y caracter\u00edsticas t\u00e9cnicas del futuro servicio ferroviario que unir\u00eda Concepci\u00f3n con la hist\u00f3rica comuna minera. El estudio, que se &hellip;<\/p>\n","protected":false},"author":1,"featured_media":2420,"comment_status":"closed","ping_status":"closed","sticky":false,"template":"","format":"standard","meta":{"footnotes":""},"categories":[16],"tags":[],"class_list":["post-2419","post","type-post","status-publish","format-standard","has-post-thumbnail","hentry","category-actualidad"],"_links":{"self":[{"href":"https:\/\/buensonido.cl\/index.php?rest_route=\/wp\/v2\/posts\/2419","targetHints":{"allow":["GET"]}}],"collection":[{"href":"https:\/\/buensonido.cl\/index.php?rest_route=\/wp\/v2\/posts"}],"about":[{"href":"https:\/\/buensonido.cl\/index.php?rest_route=\/wp\/v2\/types\/post"}],"author":[{"embeddable":true,"href":"https:\/\/buensonido.cl\/index.php?rest_route=\/wp\/v2\/users\/1"}],"replies":[{"embeddable":true,"href":"https:\/\/buensonido.cl\/index.php?rest_route=%2Fwp%2Fv2%2Fcomments&post=2419"}],"version-history":[{"count":0,"href":"https:\/\/buensonido.cl\/index.php?rest_route=\/wp\/v2\/posts\/2419\/revisions"}],"wp:featuredmedia":[{"embeddable":true,"href":"https:\/\/buensonido.cl\/index.php?rest_route=\/wp\/v2\/media\/2420"}],"wp:attachment":[{"href":"https:\/\/buensonido.cl\/index.php?rest_route=%2Fwp%2Fv2%2Fmedia&parent=2419"}],"wp:term":[{"taxonomy":"category","embeddable":true,"href":"https:\/\/buensonido.cl\/index.php?rest_route=%2Fwp%2Fv2%2Fcategories&post=2419"},{"taxonomy":"post_tag","embeddable":true,"href":"https:\/\/buensonido.cl\/index.php?rest_route=%2Fwp%2Fv2%2Ftags&post=2419"}],"curies":[{"name":"wp","href":"https:\/\/api.w.org\/{rel}","templated":true}]}}