{"id":2414,"date":"2025-06-12T17:49:07","date_gmt":"2025-06-12T20:49:07","guid":{"rendered":"https:\/\/buensonido.cl\/?p=2414"},"modified":"2025-06-12T17:49:07","modified_gmt":"2025-06-12T20:49:07","slug":"cuenta-publica-de-colbun-en-coronel-abordo-gestion-de-la-central-santa-maria-y-relacion-con-la-comunidad","status":"publish","type":"post","link":"https:\/\/buensonido.cl\/?p=2414","title":{"rendered":"Cuenta P\u00fablica de Colb\u00fan en Coronel abord\u00f3\u00a0gesti\u00f3n de la Central Santa Mar\u00eda y relaci\u00f3n con la comunidad"},"content":{"rendered":"\n<p>La Central Santa Mar\u00eda de Colb\u00fan realiz\u00f3 su Cuenta P\u00fablica 2025 en Coronel, instancia donde la empresa present\u00f3 el balance de su gesti\u00f3n operativa, ambiental y comunitaria correspondiente al ejercicio 2024. La actividad se efectu\u00f3 en la Casa de la Cultura del Municipio, ubicada en pleno centro coronelino, con presencia de dirigentes vecinales, autoridades locales y regionales, adem\u00e1s de representantes de diversas organizaciones sociales y trabajadores de la planta generadora.<\/p>\n\n\n\n<p>Daniel Laghezza, gerente de Centrales T\u00e9rmicas Sur de Colb\u00fan, se\u00f1al\u00f3 que \u00abes una gran alegr\u00eda para nosotros poder realizar esta Cuenta P\u00fablica. Nos sentimos un vecino m\u00e1s de Coronel y es importante transparentar e informar c\u00f3mo nos est\u00e1 yendo y c\u00f3mo estamos operando, especialmente en temas relevantes para la comunidad\u00bb.<\/p>\n\n\n\n<p>En materia ambiental, explic\u00f3 que la Central sigue cumpliendo con la normativa ambiental vigente y en permanente proceso de optimizaci\u00f3n operacional. Adem\u00e1s, precis\u00f3 que durante los 19 d\u00edas de preemergencia ambiental por material particulado registrados durante el \u00faltimo a\u00f1o, la central no estuvo en funcionamiento el 74% de ese tiempo.&nbsp;\u201cEstas preemergencias ocurren principalmente en los meses de invierno, asociadas al uso domiciliario de le\u00f1a, que es el principal factor de generaci\u00f3n de material particulado en esa&nbsp;\u00e9poca\u201d, puntualiz\u00f3.&nbsp; Adem\u00e1s, indic\u00f3 que la central concentra mayormente su operaci\u00f3n en los meses de verano, periodo en el cual no se registran condiciones cr\u00edticas de calidad del aire.<\/p>\n\n\n\n<p>Respecto al futuro de la operaci\u00f3n de Santa Mar\u00eda, Laghezza inform\u00f3 que la empresa ha estado evaluando estudios para analizar alternativas de reconversi\u00f3n a otros combustibles, como el gas natural, esto dentro del marco del compromiso nacional de descarbonizaci\u00f3n hacia 2040, pero precis\u00f3 que a\u00fan no existe una decisi\u00f3n tomada al respecto.<\/p>\n\n\n\n<p>Otro de los aspectos que se destac\u00f3 en este ejercicio de reportabilidad realizado por Colb\u00fan, fue el destino final de las cenizas resultantes del proceso de combusti\u00f3n. La Central posee un sitio de acopio de cenizas que, Laghezza explic\u00f3, paulatinamente ha ido disminuyendo su uso debido al aumento del porcentaje de reciclaje que se ha ido experimentando en los \u00faltimos a\u00f1os.&nbsp; \u201cLas cenizas son consideradas un residuo no peligroso y por esta raz\u00f3n es utilizado como insumo por la industria cementera.&nbsp; Esto nos ha permitido que por ejemplo en el a\u00f1o 2025 el 95% de las cenizas fueran recicladas y solo el 5% fue destinado al sitio de acopio\u201d. Durante lo que va del 2025 el 100% de las cenizas han sido recicladas, agreg\u00f3.<\/p>\n\n\n\n<p><strong>Trabajo con la comunidad<\/strong><\/p>\n\n\n\n<p><br>Valeria Gatica, jefe de Comunidades Biob\u00edo de Colb\u00fan, destac\u00f3 el trabajo sostenido con el entorno desde los inicios del proyecto.&nbsp;\u201cNuestra relaci\u00f3n con la comunidad parte desde las etapas m\u00e1s tempranas de construcci\u00f3n y se ha mantenido durante estos m\u00e1s de 10 a\u00f1os bajo la convicci\u00f3n de que la participaci\u00f3n de los vecinos es clave. Cada programa que desarrollamos busca justamente eso: co-construir en conjunto\u201d, sostuvo.<\/p>\n\n\n\n<p>Como parte de este trabajo, la gesti\u00f3n de Asuntos P\u00fablicos de Colb\u00fan report\u00f3 durante el a\u00f1o un total de 250 reuniones con la comunidad, involucrando a 90 organizaciones de Coronel, articuladas en tres mesas de trabajo permanentes.<\/p>\n\n\n\n<p>Desde la Mesa por el Desarrollo del Sector Sur, su presidenta \u00c1ngela Marileo valor\u00f3 la instancia: \u00abGracias a la empresa hemos podido sacar adelante diversos proyectos y atender necesidades en nuestros sectores, en conjunto con los dirigentes y las juntas de vecinos. Llevamos ya 15 a\u00f1os trabajando de manera constante con la empresa, en una relaci\u00f3n de colaboraci\u00f3n que ha permitido avanzar en distintas iniciativas\u00bb.<\/p>\n\n\n\n<p>En representaci\u00f3n de la Municipalidad de Coronel, Yhony Camus, director de Cultura, Arte y Patrimonio, valor\u00f3 que las empresas desarrollen instancias de transparencia como&nbsp;\u00e9sta, en particular en un lugar tan significativo para los habitantes de la comuna como su Casa de la Cultura.&nbsp;\u201cNos sentimos honrados de acoger este encuentro, que cont\u00f3 con dirigentes vecinales, representantes de organizaciones y autoridades regionales. Este espacio forma parte de la historia de Coronel y simboliza tambi\u00e9n un hito en la historia de quienes habitamos esta comuna\u201d, declar\u00f3.<\/p>\n\n\n\n<figure class=\"wp-block-image size-large\"><img decoding=\"async\" src=\"https:\/\/buensonido.cl\/wp-content\/uploads\/2025\/06\/Screenshot_1-1024x767.jpg\" alt=\"\" class=\"wp-image-2416\"\/><\/figure>\n\n\n\n<figure class=\"wp-block-image size-large\"><img decoding=\"async\" src=\"https:\/\/buensonido.cl\/wp-content\/uploads\/2025\/06\/Screenshot_5-1024x763.jpg\" alt=\"\" class=\"wp-image-2417\"\/><\/figure>\n","protected":false},"excerpt":{"rendered":"<p>La Central Santa Mar\u00eda de Colb\u00fan realiz\u00f3 su Cuenta P\u00fablica 2025 en Coronel, instancia donde la empresa present\u00f3 el balance de su gesti\u00f3n operativa, ambiental y comunitaria correspondiente al ejercicio 2024. La actividad se efectu\u00f3 en la Casa de la Cultura del Municipio, ubicada en pleno centro coronelino, con presencia de dirigentes vecinales, autoridades locales &hellip;<\/p>\n","protected":false},"author":1,"featured_media":2417,"comment_status":"closed","ping_status":"closed","sticky":false,"template":"","format":"standard","meta":{"footnotes":""},"categories":[16],"tags":[],"class_list":["post-2414","post","type-post","status-publish","format-standard","has-post-thumbnail","hentry","category-actualidad"],"_links":{"self":[{"href":"https:\/\/buensonido.cl\/index.php?rest_route=\/wp\/v2\/posts\/2414","targetHints":{"allow":["GET"]}}],"collection":[{"href":"https:\/\/buensonido.cl\/index.php?rest_route=\/wp\/v2\/posts"}],"about":[{"href":"https:\/\/buensonido.cl\/index.php?rest_route=\/wp\/v2\/types\/post"}],"author":[{"embeddable":true,"href":"https:\/\/buensonido.cl\/index.php?rest_route=\/wp\/v2\/users\/1"}],"replies":[{"embeddable":true,"href":"https:\/\/buensonido.cl\/index.php?rest_route=%2Fwp%2Fv2%2Fcomments&post=2414"}],"version-history":[{"count":0,"href":"https:\/\/buensonido.cl\/index.php?rest_route=\/wp\/v2\/posts\/2414\/revisions"}],"wp:featuredmedia":[{"embeddable":true,"href":"https:\/\/buensonido.cl\/index.php?rest_route=\/wp\/v2\/media\/2417"}],"wp:attachment":[{"href":"https:\/\/buensonido.cl\/index.php?rest_route=%2Fwp%2Fv2%2Fmedia&parent=2414"}],"wp:term":[{"taxonomy":"category","embeddable":true,"href":"https:\/\/buensonido.cl\/index.php?rest_route=%2Fwp%2Fv2%2Fcategories&post=2414"},{"taxonomy":"post_tag","embeddable":true,"href":"https:\/\/buensonido.cl\/index.php?rest_route=%2Fwp%2Fv2%2Ftags&post=2414"}],"curies":[{"name":"wp","href":"https:\/\/api.w.org\/{rel}","templated":true}]}}