{"id":2404,"date":"2025-06-04T18:51:09","date_gmt":"2025-06-04T21:51:09","guid":{"rendered":"https:\/\/buensonido.cl\/?p=2404"},"modified":"2025-06-04T18:51:09","modified_gmt":"2025-06-04T21:51:09","slug":"concepcion-celebro-el-dia-mundial-de-la-bicicleta-con-foco-en-la-seguridad-vial","status":"publish","type":"post","link":"https:\/\/buensonido.cl\/?p=2404","title":{"rendered":"Concepci\u00f3n celebr\u00f3 el D\u00eda Mundial de la Bicicleta con foco en la seguridad vial"},"content":{"rendered":"\n<p>Con \u00e9nfasis en la convivencia vial y el uso responsable de la bicicleta, Concepci\u00f3n conmemor\u00f3 el D\u00eda Mundial de la Bicicleta con una jornada educativa organizada por la red \u201cUdeC m\u00e1s Sustentable\u201d y la Seremi de Transportes y Telecomunicaciones del Biob\u00edo. La actividad se realiz\u00f3 en la Casa del Deporte y reuni\u00f3 a una veintena de ciclistas que participaron en un taller sobre seguridad, mec\u00e1nica b\u00e1sica y normativa vial, adem\u00e1s de recibir elementos reflectantes y luces entregadas por Conaset.<\/p>\n\n\n\n<p>El seremi Patricio Fierro subray\u00f3 la importancia del uso del casco, ciclov\u00edas y equipamiento visible, destacando que el llamado es a promover una cultura de respeto en las calles. \u201cQueremos m\u00e1s ciclistas, pero tambi\u00e9n m\u00e1s responsables\u201d, se\u00f1al\u00f3.<\/p>\n\n\n\n<p>En la instancia, tambi\u00e9n se present\u00f3 una radiograf\u00eda del ciclista chileno basada en la Encuesta Origen Destino aplicada en 16 ciudades. Los principales motivos para usar la bicicleta son ir al trabajo, hacer tr\u00e1mites o estudiar, con un crecimiento sostenido en ciudades con presencia universitaria.<\/p>\n\n\n\n<p>Durante 2024, los siniestros viales con ciclistas alcanzaron su cifra m\u00e1s baja en la \u00faltima d\u00e9cada, con 48 fallecidos. La mayor\u00eda de los involucrados fueron hombres j\u00f3venes, y la principal causa fue la imprudencia de los conductores.<\/p>\n\n\n\n<p>La actividad busc\u00f3 reforzar la educaci\u00f3n vial y concientizar sobre el uso seguro de la bicicleta como medio de transporte limpio y eficiente.<\/p>\n\n\n\n<figure class=\"wp-block-image size-large\"><img decoding=\"async\" src=\"https:\/\/buensonido.cl\/wp-content\/uploads\/2025\/06\/030625-Fotos-Dia-de-la-Bicicleta-5-1024x683.jpeg\" alt=\"\" class=\"wp-image-2406\"\/><\/figure>\n","protected":false},"excerpt":{"rendered":"<p>Con \u00e9nfasis en la convivencia vial y el uso responsable de la bicicleta, Concepci\u00f3n conmemor\u00f3 el D\u00eda Mundial de la Bicicleta con una jornada educativa organizada por la red \u201cUdeC m\u00e1s Sustentable\u201d y la Seremi de Transportes y Telecomunicaciones del Biob\u00edo. La actividad se realiz\u00f3 en la Casa del Deporte y reuni\u00f3 a una veintena &hellip;<\/p>\n","protected":false},"author":1,"featured_media":2406,"comment_status":"closed","ping_status":"closed","sticky":false,"template":"","format":"standard","meta":{"footnotes":""},"categories":[16],"tags":[],"class_list":["post-2404","post","type-post","status-publish","format-standard","has-post-thumbnail","hentry","category-actualidad"],"_links":{"self":[{"href":"https:\/\/buensonido.cl\/index.php?rest_route=\/wp\/v2\/posts\/2404","targetHints":{"allow":["GET"]}}],"collection":[{"href":"https:\/\/buensonido.cl\/index.php?rest_route=\/wp\/v2\/posts"}],"about":[{"href":"https:\/\/buensonido.cl\/index.php?rest_route=\/wp\/v2\/types\/post"}],"author":[{"embeddable":true,"href":"https:\/\/buensonido.cl\/index.php?rest_route=\/wp\/v2\/users\/1"}],"replies":[{"embeddable":true,"href":"https:\/\/buensonido.cl\/index.php?rest_route=%2Fwp%2Fv2%2Fcomments&post=2404"}],"version-history":[{"count":0,"href":"https:\/\/buensonido.cl\/index.php?rest_route=\/wp\/v2\/posts\/2404\/revisions"}],"wp:featuredmedia":[{"embeddable":true,"href":"https:\/\/buensonido.cl\/index.php?rest_route=\/wp\/v2\/media\/2406"}],"wp:attachment":[{"href":"https:\/\/buensonido.cl\/index.php?rest_route=%2Fwp%2Fv2%2Fmedia&parent=2404"}],"wp:term":[{"taxonomy":"category","embeddable":true,"href":"https:\/\/buensonido.cl\/index.php?rest_route=%2Fwp%2Fv2%2Fcategories&post=2404"},{"taxonomy":"post_tag","embeddable":true,"href":"https:\/\/buensonido.cl\/index.php?rest_route=%2Fwp%2Fv2%2Ftags&post=2404"}],"curies":[{"name":"wp","href":"https:\/\/api.w.org\/{rel}","templated":true}]}}