{"id":2383,"date":"2025-05-16T13:47:59","date_gmt":"2025-05-16T16:47:59","guid":{"rendered":"https:\/\/buensonido.cl\/?p=2383"},"modified":"2025-05-16T13:47:59","modified_gmt":"2025-05-16T16:47:59","slug":"sercotec-abre-fondo-para-cooperativas-del-biobio-con-subsidios-de-hasta-20-millones","status":"publish","type":"post","link":"https:\/\/buensonido.cl\/?p=2383","title":{"rendered":"Sercotec abre fondo para cooperativas del Biob\u00edo con subsidios de hasta $20 millones"},"content":{"rendered":"\n<p>En el marco del A\u00f1o Internacional de las Cooperativas, el Servicio de Cooperaci\u00f3n T\u00e9cnica (Sercotec) anunci\u00f3 la apertura de un fondo nacional por m\u00e1s de $1.300 millones, destinado a fortalecer y crear cooperativas en todo el pa\u00eds. En la regi\u00f3n del Biob\u00edo, el programa busca beneficiar a organizaciones con subsidios que alcanzan los $20 millones.<\/p>\n\n\n\n<p>El fondo contempla dos l\u00edneas de apoyo: una para cooperativas ya existentes, con un financiamiento de hasta $20 millones, y otra para grupos que buscan constituirse como cooperativas, con aportes de hasta $8 millones. A nivel nacional se espera beneficiar a 67 organizaciones, que adem\u00e1s recibir\u00e1n acompa\u00f1amiento t\u00e9cnico por un periodo de seis meses para ejecutar sus planes de inversi\u00f3n.<\/p>\n\n\n\n<p>El seremi de Econom\u00eda del Biob\u00edo, Javier Sep\u00falveda, destac\u00f3 que esta iniciativa \u00abrepresenta una oportunidad concreta para que las cooperativas accedan a recursos y apoyo t\u00e9cnico que les permitan crecer de forma sostenible y dinamizar la econom\u00eda local\u00bb.<\/p>\n\n\n\n<p>Por su parte, el director regional de Sercotec, Mauricio Torres Ferrada, subray\u00f3 que \u201cmuchas agrupaciones tienen grandes ideas, pero carecen de herramientas, y este programa busca justamente destrabar ese potencial\u201d.<\/p>\n\n\n\n<p>Entre los gastos que podr\u00e1n financiar las cooperativas est\u00e1n: capacitaci\u00f3n, marketing, asistencia t\u00e9cnica, compra de activos, participaci\u00f3n en ferias, habilitaci\u00f3n de infraestructura y capital de trabajo.<\/p>\n\n\n\n<p>Las postulaciones estar\u00e1n abiertas hasta el jueves 12 de junio en el sitio web <a class=\"\" href=\"http:\/\/www.sercotec.cl\">www.sercotec.cl<\/a>. <\/p>\n\n\n\n<figure class=\"wp-block-image size-large\"><img decoding=\"async\" src=\"https:\/\/buensonido.cl\/wp-content\/uploads\/2025\/05\/GRAFICA-1-819x1024.jpg\" alt=\"\" class=\"wp-image-2384\"\/><\/figure>\n","protected":false},"excerpt":{"rendered":"<p>En el marco del A\u00f1o Internacional de las Cooperativas, el Servicio de Cooperaci\u00f3n T\u00e9cnica (Sercotec) anunci\u00f3 la apertura de un fondo nacional por m\u00e1s de $1.300 millones, destinado a fortalecer y crear cooperativas en todo el pa\u00eds. En la regi\u00f3n del Biob\u00edo, el programa busca beneficiar a organizaciones con subsidios que alcanzan los $20 millones. &hellip;<\/p>\n","protected":false},"author":1,"featured_media":2384,"comment_status":"closed","ping_status":"closed","sticky":false,"template":"","format":"standard","meta":{"footnotes":""},"categories":[16],"tags":[],"class_list":["post-2383","post","type-post","status-publish","format-standard","has-post-thumbnail","hentry","category-actualidad"],"_links":{"self":[{"href":"https:\/\/buensonido.cl\/index.php?rest_route=\/wp\/v2\/posts\/2383","targetHints":{"allow":["GET"]}}],"collection":[{"href":"https:\/\/buensonido.cl\/index.php?rest_route=\/wp\/v2\/posts"}],"about":[{"href":"https:\/\/buensonido.cl\/index.php?rest_route=\/wp\/v2\/types\/post"}],"author":[{"embeddable":true,"href":"https:\/\/buensonido.cl\/index.php?rest_route=\/wp\/v2\/users\/1"}],"replies":[{"embeddable":true,"href":"https:\/\/buensonido.cl\/index.php?rest_route=%2Fwp%2Fv2%2Fcomments&post=2383"}],"version-history":[{"count":0,"href":"https:\/\/buensonido.cl\/index.php?rest_route=\/wp\/v2\/posts\/2383\/revisions"}],"wp:featuredmedia":[{"embeddable":true,"href":"https:\/\/buensonido.cl\/index.php?rest_route=\/wp\/v2\/media\/2384"}],"wp:attachment":[{"href":"https:\/\/buensonido.cl\/index.php?rest_route=%2Fwp%2Fv2%2Fmedia&parent=2383"}],"wp:term":[{"taxonomy":"category","embeddable":true,"href":"https:\/\/buensonido.cl\/index.php?rest_route=%2Fwp%2Fv2%2Fcategories&post=2383"},{"taxonomy":"post_tag","embeddable":true,"href":"https:\/\/buensonido.cl\/index.php?rest_route=%2Fwp%2Fv2%2Ftags&post=2383"}],"curies":[{"name":"wp","href":"https:\/\/api.w.org\/{rel}","templated":true}]}}