{"id":2359,"date":"2025-05-09T16:25:12","date_gmt":"2025-05-09T19:25:12","guid":{"rendered":"https:\/\/buensonido.cl\/?p=2359"},"modified":"2025-05-09T16:25:12","modified_gmt":"2025-05-09T19:25:12","slug":"municipios-del-biobio-se-capacitan-para-implementar-la-nueva-licencia-digital-de-conducir","status":"publish","type":"post","link":"https:\/\/buensonido.cl\/?p=2359","title":{"rendered":"Municipios del Biob\u00edo se capacitan para implementar la nueva licencia digital de conducir"},"content":{"rendered":"\n<p>Con la participaci\u00f3n de representantes de las 29 direcciones de Tr\u00e1nsito de la regi\u00f3n, la Seremi de Transportes realiz\u00f3 una jornada de capacitaci\u00f3n con miras a la implementaci\u00f3n de la nueva <em>Licencia Digital de Conducir<\/em>, que comenzar\u00e1 a regir en el Biob\u00edo a partir del 1 de agosto.<\/p>\n\n\n\n<p>El nuevo documento contar\u00e1 con un c\u00f3digo QR \u00fanico y verificable s\u00f3lo por autoridades competentes, lo que permitir\u00e1 acceder a informaci\u00f3n en l\u00ednea y reducir el riesgo de falsificaciones. Adem\u00e1s, incluir\u00e1 antecedentes de la hoja de vida del conductor desde una base de datos unificada a nivel nacional.<\/p>\n\n\n\n<p>El seremi Patricio Fierro destac\u00f3 que esta medida es parte del proceso de modernizaci\u00f3n del Estado y facilitar\u00e1 la labor de fiscalizaci\u00f3n. En tanto, desde la Conaset, su directora nacional Luz Infante subray\u00f3 que esta medida busca reforzar la seguridad vial y frenar la circulaci\u00f3n de personas sin licencia v\u00e1lida.<\/p>\n\n\n\n<p>Funcionarios de Coronel, Hualqui y otras comunas valoraron la instancia como un avance necesario en la digitalizaci\u00f3n del sistema, y aseguraron estar trabajando para implementar correctamente este nuevo proceso.<\/p>\n\n\n\n<figure class=\"wp-block-image size-large\"><img decoding=\"async\" src=\"https:\/\/buensonido.cl\/wp-content\/uploads\/2025\/05\/080525-Fotos-Capacitacion-licencia-digital-1-1024x768.jpeg\" alt=\"\" class=\"wp-image-2360\"\/><\/figure>\n\n\n\n<figure class=\"wp-block-image size-large\"><img decoding=\"async\" src=\"https:\/\/buensonido.cl\/wp-content\/uploads\/2025\/05\/080525-Fotos-Capacitacion-licencia-digital-2-1024x768.jpeg\" alt=\"\" class=\"wp-image-2361\"\/><\/figure>\n","protected":false},"excerpt":{"rendered":"<p>Con la participaci\u00f3n de representantes de las 29 direcciones de Tr\u00e1nsito de la regi\u00f3n, la Seremi de Transportes realiz\u00f3 una jornada de capacitaci\u00f3n con miras a la implementaci\u00f3n de la nueva Licencia Digital de Conducir, que comenzar\u00e1 a regir en el Biob\u00edo a partir del 1 de agosto. El nuevo documento contar\u00e1 con un c\u00f3digo &hellip;<\/p>\n","protected":false},"author":1,"featured_media":2360,"comment_status":"closed","ping_status":"closed","sticky":false,"template":"","format":"standard","meta":{"footnotes":""},"categories":[16],"tags":[],"class_list":["post-2359","post","type-post","status-publish","format-standard","has-post-thumbnail","hentry","category-actualidad"],"_links":{"self":[{"href":"https:\/\/buensonido.cl\/index.php?rest_route=\/wp\/v2\/posts\/2359","targetHints":{"allow":["GET"]}}],"collection":[{"href":"https:\/\/buensonido.cl\/index.php?rest_route=\/wp\/v2\/posts"}],"about":[{"href":"https:\/\/buensonido.cl\/index.php?rest_route=\/wp\/v2\/types\/post"}],"author":[{"embeddable":true,"href":"https:\/\/buensonido.cl\/index.php?rest_route=\/wp\/v2\/users\/1"}],"replies":[{"embeddable":true,"href":"https:\/\/buensonido.cl\/index.php?rest_route=%2Fwp%2Fv2%2Fcomments&post=2359"}],"version-history":[{"count":0,"href":"https:\/\/buensonido.cl\/index.php?rest_route=\/wp\/v2\/posts\/2359\/revisions"}],"wp:featuredmedia":[{"embeddable":true,"href":"https:\/\/buensonido.cl\/index.php?rest_route=\/wp\/v2\/media\/2360"}],"wp:attachment":[{"href":"https:\/\/buensonido.cl\/index.php?rest_route=%2Fwp%2Fv2%2Fmedia&parent=2359"}],"wp:term":[{"taxonomy":"category","embeddable":true,"href":"https:\/\/buensonido.cl\/index.php?rest_route=%2Fwp%2Fv2%2Fcategories&post=2359"},{"taxonomy":"post_tag","embeddable":true,"href":"https:\/\/buensonido.cl\/index.php?rest_route=%2Fwp%2Fv2%2Ftags&post=2359"}],"curies":[{"name":"wp","href":"https:\/\/api.w.org\/{rel}","templated":true}]}}