{"id":2355,"date":"2025-05-09T16:20:15","date_gmt":"2025-05-09T19:20:15","guid":{"rendered":"https:\/\/buensonido.cl\/?p=2355"},"modified":"2025-05-09T16:20:15","modified_gmt":"2025-05-09T19:20:15","slug":"a-una-semana-de-su-entrada-en-vigencia-2-de-cada-3-autos-ya-cumplen-con-grabado-obligatorio-de-patentes","status":"publish","type":"post","link":"https:\/\/buensonido.cl\/?p=2355","title":{"rendered":"A una semana de su entrada en vigencia: 2 de cada 3 autos ya cumplen con grabado obligatorio de patentes"},"content":{"rendered":"\n<p>n un operativo realizado en pleno centro penquista, autoridades del Ministerio de Transportes junto a Carabineros constataron que el 70% de los veh\u00edculos fiscalizados ya cuentan con el grabado de sus placas patentes en vidrios y espejos, cumpliendo anticipadamente con la nueva ley que entra en vigencia el pr\u00f3ximo jueves 15 de mayo.<\/p>\n\n\n\n<p>La fiscalizaci\u00f3n, de car\u00e1cter informativo, se desarroll\u00f3 frente a la Catedral de Concepci\u00f3n y revis\u00f3 m\u00e1s de un centenar de veh\u00edculos. El seremi de Transportes del Biob\u00edo, Patricio Fierro, valor\u00f3 el alto cumplimiento, aunque advirti\u00f3 que un 30% de los autom\u00f3viles a\u00fan no realiza el grabado obligatorio. De haber estado vigente la normativa, estos \u00faltimos se habr\u00edan expuesto a multas de entre 1 y 1.5 UTM o al rechazo en la revisi\u00f3n t\u00e9cnica.<\/p>\n\n\n\n<p>\u00abEl llamado es claro: desde el pr\u00f3ximo jueves, todos los veh\u00edculos deben tener el grabado de su patente en parabrisas, luneta, vidrios laterales y espejos. Esta ley busca proteger a los propietarios y combatir el robo y venta ilegal de partes\u00bb, explic\u00f3 Fierro.<\/p>\n\n\n\n<p>La normativa establece que el grabado debe realizarse en may\u00fasculas, con letras legibles, en posici\u00f3n horizontal, sin cursivas ni negritas. En el caso de los veh\u00edculos nuevos, estos ya deben salir desde la concesionaria con el grabado instalado.<\/p>\n\n\n\n<p>Desde la Divisi\u00f3n de Fiscalizaci\u00f3n del MTT recordaron que esta fase es educativa, pero a partir del 15 de mayo se comenzar\u00e1 a sancionar a quienes no cumplan. La medida es parte de una estrategia nacional para frenar el mercado negro de autopartes.<\/p>\n\n\n\n<figure class=\"wp-block-image size-large\"><img decoding=\"async\" src=\"https:\/\/buensonido.cl\/wp-content\/uploads\/2025\/05\/090525-Fotos-Fiscalizacion-grabado-de-patentes-4-1024x683.jpeg\" alt=\"\" class=\"wp-image-2356\"\/><\/figure>\n\n\n\n<figure class=\"wp-block-image size-large\"><img decoding=\"async\" src=\"https:\/\/buensonido.cl\/wp-content\/uploads\/2025\/05\/090525-Fotos-Fiscalizacion-grabado-de-patentes-1-1024x683.jpeg\" alt=\"\" class=\"wp-image-2357\"\/><\/figure>\n","protected":false},"excerpt":{"rendered":"<p>n un operativo realizado en pleno centro penquista, autoridades del Ministerio de Transportes junto a Carabineros constataron que el 70% de los veh\u00edculos fiscalizados ya cuentan con el grabado de sus placas patentes en vidrios y espejos, cumpliendo anticipadamente con la nueva ley que entra en vigencia el pr\u00f3ximo jueves 15 de mayo. La fiscalizaci\u00f3n, &hellip;<\/p>\n","protected":false},"author":1,"featured_media":2356,"comment_status":"closed","ping_status":"closed","sticky":false,"template":"","format":"standard","meta":{"footnotes":""},"categories":[16],"tags":[],"class_list":["post-2355","post","type-post","status-publish","format-standard","has-post-thumbnail","hentry","category-actualidad"],"_links":{"self":[{"href":"https:\/\/buensonido.cl\/index.php?rest_route=\/wp\/v2\/posts\/2355","targetHints":{"allow":["GET"]}}],"collection":[{"href":"https:\/\/buensonido.cl\/index.php?rest_route=\/wp\/v2\/posts"}],"about":[{"href":"https:\/\/buensonido.cl\/index.php?rest_route=\/wp\/v2\/types\/post"}],"author":[{"embeddable":true,"href":"https:\/\/buensonido.cl\/index.php?rest_route=\/wp\/v2\/users\/1"}],"replies":[{"embeddable":true,"href":"https:\/\/buensonido.cl\/index.php?rest_route=%2Fwp%2Fv2%2Fcomments&post=2355"}],"version-history":[{"count":0,"href":"https:\/\/buensonido.cl\/index.php?rest_route=\/wp\/v2\/posts\/2355\/revisions"}],"wp:featuredmedia":[{"embeddable":true,"href":"https:\/\/buensonido.cl\/index.php?rest_route=\/wp\/v2\/media\/2356"}],"wp:attachment":[{"href":"https:\/\/buensonido.cl\/index.php?rest_route=%2Fwp%2Fv2%2Fmedia&parent=2355"}],"wp:term":[{"taxonomy":"category","embeddable":true,"href":"https:\/\/buensonido.cl\/index.php?rest_route=%2Fwp%2Fv2%2Fcategories&post=2355"},{"taxonomy":"post_tag","embeddable":true,"href":"https:\/\/buensonido.cl\/index.php?rest_route=%2Fwp%2Fv2%2Ftags&post=2355"}],"curies":[{"name":"wp","href":"https:\/\/api.w.org\/{rel}","templated":true}]}}