{"id":2325,"date":"2025-04-23T11:06:27","date_gmt":"2025-04-23T14:06:27","guid":{"rendered":"https:\/\/buensonido.cl\/?p=2325"},"modified":"2025-04-23T11:06:27","modified_gmt":"2025-04-23T14:06:27","slug":"avanza-proyecto-que-reemplaza-el-cae-por-nuevo-sistema-de-financiamiento-para-educacion-superior","status":"publish","type":"post","link":"https:\/\/buensonido.cl\/?p=2325","title":{"rendered":"Avanza proyecto que reemplaza el CAE por nuevo sistema de financiamiento para educaci\u00f3n superior"},"content":{"rendered":"\n<p>La Comisi\u00f3n de Educaci\u00f3n de la C\u00e1mara de Diputadas y Diputados aprob\u00f3 en particular el proyecto de ley que pone fin al Cr\u00e9dito con Aval del Estado (CAE) y crea el Fondo de Financiamiento de la Educaci\u00f3n Superior (FES). La iniciativa pasar\u00e1 ahora a la Comisi\u00f3n de Hacienda.<\/p>\n\n\n\n<p>El ministro de Educaci\u00f3n, Nicol\u00e1s Cataldo, valor\u00f3 el apoyo transversal y destac\u00f3 que el FES busca el bienestar de las familias endeudadas, la sostenibilidad del sistema y la responsabilidad fiscal.<\/p>\n\n\n\n<p>Desde el Ejecutivo y el Congreso, autoridades como la diputada M\u00f3nica Arce y Emilia Schneider coincidieron en la urgencia y relevancia del proyecto, que responde a una demanda social ampliamente compartida. Presentado en octubre de 2024, el proyecto fue tramitado en 10 sesiones y representa una de las principales promesas del actual gobierno.<\/p>\n\n\n\n<figure class=\"wp-block-image size-large\"><img decoding=\"async\" src=\"https:\/\/buensonido.cl\/wp-content\/uploads\/2025\/04\/Expertos-internacionales-analizan-el-proyecto-de-ley-que-pone-fin-al-CAE-1024x683.jpg\" alt=\"\" class=\"wp-image-2326\"\/><\/figure>\n","protected":false},"excerpt":{"rendered":"<p>La Comisi\u00f3n de Educaci\u00f3n de la C\u00e1mara de Diputadas y Diputados aprob\u00f3 en particular el proyecto de ley que pone fin al Cr\u00e9dito con Aval del Estado (CAE) y crea el Fondo de Financiamiento de la Educaci\u00f3n Superior (FES). La iniciativa pasar\u00e1 ahora a la Comisi\u00f3n de Hacienda. El ministro de Educaci\u00f3n, Nicol\u00e1s Cataldo, valor\u00f3 &hellip;<\/p>\n","protected":false},"author":1,"featured_media":2326,"comment_status":"closed","ping_status":"closed","sticky":false,"template":"","format":"standard","meta":{"footnotes":""},"categories":[16],"tags":[],"class_list":["post-2325","post","type-post","status-publish","format-standard","has-post-thumbnail","hentry","category-actualidad"],"_links":{"self":[{"href":"https:\/\/buensonido.cl\/index.php?rest_route=\/wp\/v2\/posts\/2325","targetHints":{"allow":["GET"]}}],"collection":[{"href":"https:\/\/buensonido.cl\/index.php?rest_route=\/wp\/v2\/posts"}],"about":[{"href":"https:\/\/buensonido.cl\/index.php?rest_route=\/wp\/v2\/types\/post"}],"author":[{"embeddable":true,"href":"https:\/\/buensonido.cl\/index.php?rest_route=\/wp\/v2\/users\/1"}],"replies":[{"embeddable":true,"href":"https:\/\/buensonido.cl\/index.php?rest_route=%2Fwp%2Fv2%2Fcomments&post=2325"}],"version-history":[{"count":0,"href":"https:\/\/buensonido.cl\/index.php?rest_route=\/wp\/v2\/posts\/2325\/revisions"}],"wp:featuredmedia":[{"embeddable":true,"href":"https:\/\/buensonido.cl\/index.php?rest_route=\/wp\/v2\/media\/2326"}],"wp:attachment":[{"href":"https:\/\/buensonido.cl\/index.php?rest_route=%2Fwp%2Fv2%2Fmedia&parent=2325"}],"wp:term":[{"taxonomy":"category","embeddable":true,"href":"https:\/\/buensonido.cl\/index.php?rest_route=%2Fwp%2Fv2%2Fcategories&post=2325"},{"taxonomy":"post_tag","embeddable":true,"href":"https:\/\/buensonido.cl\/index.php?rest_route=%2Fwp%2Fv2%2Ftags&post=2325"}],"curies":[{"name":"wp","href":"https:\/\/api.w.org\/{rel}","templated":true}]}}