{"id":2304,"date":"2025-04-16T12:25:34","date_gmt":"2025-04-16T15:25:34","guid":{"rendered":"https:\/\/buensonido.cl\/?p=2304"},"modified":"2025-04-16T12:25:34","modified_gmt":"2025-04-16T15:25:34","slug":"fundacion-cepas-cumplio-35-anos-de-labor-con-presencia-en-coronel-lota-y-tome","status":"publish","type":"post","link":"https:\/\/buensonido.cl\/?p=2304","title":{"rendered":"Fundaci\u00f3n Cepas cumpli\u00f3 35 a\u00f1os de labor con presencia en Coronel, Lota y Tom\u00e9"},"content":{"rendered":"\n<p>La Fundaci\u00f3n CEPAS conmemor\u00f3 su 35\u00ba aniversario con una emotiva ceremonia que destac\u00f3 su trayectoria en educaci\u00f3n, cultura y desarrollo social en la Regi\u00f3n del Biob\u00edo. Durante el evento, se rindi\u00f3 homenaje a los trabajadores fallecidos y a los funcionarios con m\u00e1s de 20 a\u00f1os de servicio, reconociendo su dedicaci\u00f3n y compromiso con la misi\u00f3n de la fundaci\u00f3n.\u200b <\/p>\n\n\n\n<p>En la instancia desarrollada en el Teatro Lota, cont\u00f3 con la presencia del alcalde lotino, Jaime V\u00e1squez, el director regional de Junji Biob\u00edo Leodan Zapata, la Directora regional de Fomento Biob\u00edo &#8211; Corfo &#8211; Roberta Lama, Carlos Mart\u00ednez, el director regional de la Superintendencia de Educaci\u00f3n, tambi\u00e9n estuvo en la ceremonia, Alejandro Astete de la direcci\u00f3n regional del Servicio de Patrimonio, sumado al equipo de Fundaci\u00f3n cepas e invitados especiales.<\/p>\n\n\n\n<p>El acto culmin\u00f3 con un reconocimiento especial a Pamela Uriarte Lagos, directora ejecutiva y representante legal de Fundaci\u00f3n CEPAS, por su liderazgo y contribuci\u00f3n al fortalecimiento de la organizaci\u00f3n. Uriarte expres\u00f3 su agradecimiento y reafirm\u00f3 el compromiso de la fundaci\u00f3n con la comunidad.\u200b<\/p>\n\n\n\n<p>Fundaci\u00f3n CEPAS, fue fundada en el a\u00f1o 1990, y desde ah\u00ed ha sido un pilar fundamental en la promoci\u00f3n de la educaci\u00f3n y la cultura en la regi\u00f3n, desarrollando programas y actividades que benefician a diversas comunidades. Su labor ha sido fundamental en la preservaci\u00f3n del patrimonio cultural y en la promoci\u00f3n de la equidad social.<\/p>\n\n\n\n<p>La celebraci\u00f3n de este aniversario no solo honra el pasado de la fundaci\u00f3n, sino que tambi\u00e9n marca el inicio de una nueva etapa de compromiso y servicio a la comunidad. <\/p>\n\n\n\n<p>Im\u00e1genes Gentileza Daniel Osses &#8211; Junji Biob\u00edo<\/p>\n\n\n\n<figure class=\"wp-block-image size-large\"><img decoding=\"async\" src=\"https:\/\/buensonido.cl\/wp-content\/uploads\/2025\/04\/Imagen-de-WhatsApp-2025-04-16-a-las-11.05.59_3fe41753-1024x682.jpg\" alt=\"\" class=\"wp-image-2305\"\/><\/figure>\n\n\n\n<figure class=\"wp-block-image size-large\"><img decoding=\"async\" src=\"https:\/\/buensonido.cl\/wp-content\/uploads\/2025\/04\/Imagen-de-WhatsApp-2025-04-16-a-las-11.06.28_c5b6438b-1024x682.jpg\" alt=\"\" class=\"wp-image-2306\"\/><\/figure>\n\n\n\n<figure class=\"wp-block-image size-large\"><img decoding=\"async\" src=\"https:\/\/buensonido.cl\/wp-content\/uploads\/2025\/04\/Imagen-de-WhatsApp-2025-04-16-a-las-11.06.43_87522426-1024x682.jpg\" alt=\"\" class=\"wp-image-2307\"\/><\/figure>\n\n\n\n<figure class=\"wp-block-image size-large\"><img decoding=\"async\" src=\"https:\/\/buensonido.cl\/wp-content\/uploads\/2025\/04\/Imagen-de-WhatsApp-2025-04-16-a-las-11.07.29_d016d749-1024x682.jpg\" alt=\"\" class=\"wp-image-2308\"\/><\/figure>\n\n\n\n<figure class=\"wp-block-image size-large\"><img decoding=\"async\" src=\"https:\/\/buensonido.cl\/wp-content\/uploads\/2025\/04\/Imagen-de-WhatsApp-2025-04-16-a-las-11.07.57_c838a3c4-1024x682.jpg\" alt=\"\" class=\"wp-image-2309\"\/><\/figure>\n","protected":false},"excerpt":{"rendered":"<p>La Fundaci\u00f3n CEPAS conmemor\u00f3 su 35\u00ba aniversario con una emotiva ceremonia que destac\u00f3 su trayectoria en educaci\u00f3n, cultura y desarrollo social en la Regi\u00f3n del Biob\u00edo. Durante el evento, se rindi\u00f3 homenaje a los trabajadores fallecidos y a los funcionarios con m\u00e1s de 20 a\u00f1os de servicio, reconociendo su dedicaci\u00f3n y compromiso con la misi\u00f3n &hellip;<\/p>\n","protected":false},"author":1,"featured_media":2309,"comment_status":"closed","ping_status":"closed","sticky":false,"template":"","format":"standard","meta":{"footnotes":""},"categories":[16],"tags":[],"class_list":["post-2304","post","type-post","status-publish","format-standard","has-post-thumbnail","hentry","category-actualidad"],"_links":{"self":[{"href":"https:\/\/buensonido.cl\/index.php?rest_route=\/wp\/v2\/posts\/2304","targetHints":{"allow":["GET"]}}],"collection":[{"href":"https:\/\/buensonido.cl\/index.php?rest_route=\/wp\/v2\/posts"}],"about":[{"href":"https:\/\/buensonido.cl\/index.php?rest_route=\/wp\/v2\/types\/post"}],"author":[{"embeddable":true,"href":"https:\/\/buensonido.cl\/index.php?rest_route=\/wp\/v2\/users\/1"}],"replies":[{"embeddable":true,"href":"https:\/\/buensonido.cl\/index.php?rest_route=%2Fwp%2Fv2%2Fcomments&post=2304"}],"version-history":[{"count":0,"href":"https:\/\/buensonido.cl\/index.php?rest_route=\/wp\/v2\/posts\/2304\/revisions"}],"wp:featuredmedia":[{"embeddable":true,"href":"https:\/\/buensonido.cl\/index.php?rest_route=\/wp\/v2\/media\/2309"}],"wp:attachment":[{"href":"https:\/\/buensonido.cl\/index.php?rest_route=%2Fwp%2Fv2%2Fmedia&parent=2304"}],"wp:term":[{"taxonomy":"category","embeddable":true,"href":"https:\/\/buensonido.cl\/index.php?rest_route=%2Fwp%2Fv2%2Fcategories&post=2304"},{"taxonomy":"post_tag","embeddable":true,"href":"https:\/\/buensonido.cl\/index.php?rest_route=%2Fwp%2Fv2%2Ftags&post=2304"}],"curies":[{"name":"wp","href":"https:\/\/api.w.org\/{rel}","templated":true}]}}