{"id":2283,"date":"2025-04-02T15:50:47","date_gmt":"2025-04-02T18:50:47","guid":{"rendered":"https:\/\/buensonido.cl\/?p=2283"},"modified":"2025-04-02T15:50:47","modified_gmt":"2025-04-02T18:50:47","slug":"mop-y-santa-juana-establecen-plan-para-mejorar-la-ruta-de-la-madera","status":"publish","type":"post","link":"https:\/\/buensonido.cl\/?p=2283","title":{"rendered":"MOP y Santa Juana Establecen Plan para Mejorar la Ruta de la Madera"},"content":{"rendered":"\n<p>El seremi de Obras P\u00fablicas, Hugo Cautivo, y el alcalde de Santa Juana, \u00c1ngel Castro, anunciaron un plan de desarrollo integral para mejorar la Ruta de la Madera, afectada por incendios y condiciones clim\u00e1ticas adversas. Durante la reuni\u00f3n, Cautivo destac\u00f3 que, aunque se han realizado intervenciones como la construcci\u00f3n de muros de contenci\u00f3n, la ruta sigue siendo precaria debido a su antig\u00fcedad y complicaciones geomorfol\u00f3gicas.<\/p>\n\n\n\n<p>El plan de trabajo, que incluir\u00e1 la colaboraci\u00f3n con autoridades locales y comunidades, se centrar\u00e1 en soluciones a corto y largo plazo para mejorar la conectividad en el sur del Biob\u00edo. Se est\u00e1n llevando a cabo trabajos de conservaci\u00f3n y consultor\u00edas de ingenier\u00eda, con un enfoque participativo para asegurar el respaldo social y pol\u00edtico.<\/p>\n\n\n\n<p>El alcalde Castro mencion\u00f3 la necesidad de una mesa de trabajo para identificar \u00e1reas urgentes de mejora, especialmente ante los riesgos invernales. Adem\u00e1s, se busca una inversi\u00f3n de 30.000 millones de pesos para la mejora de trazados y la construcci\u00f3n de terceras pistas, con la visi\u00f3n de un futuro di\u00e1logo con vecinos y otros alcaldes.<\/p>\n\n\n\n<figure class=\"wp-block-image size-large\"><img decoding=\"async\" src=\"https:\/\/buensonido.cl\/wp-content\/uploads\/2025\/04\/RMAD25-1024x610.jpeg\" alt=\"\" class=\"wp-image-2285\"\/><\/figure>\n\n\n\n<figure class=\"wp-block-image size-large\"><img decoding=\"async\" src=\"https:\/\/buensonido.cl\/wp-content\/uploads\/2025\/04\/RMADE-1024x683.jpeg\" alt=\"\" class=\"wp-image-2284\"\/><\/figure>\n","protected":false},"excerpt":{"rendered":"<p>El seremi de Obras P\u00fablicas, Hugo Cautivo, y el alcalde de Santa Juana, \u00c1ngel Castro, anunciaron un plan de desarrollo integral para mejorar la Ruta de la Madera, afectada por incendios y condiciones clim\u00e1ticas adversas. Durante la reuni\u00f3n, Cautivo destac\u00f3 que, aunque se han realizado intervenciones como la construcci\u00f3n de muros de contenci\u00f3n, la ruta &hellip;<\/p>\n","protected":false},"author":1,"featured_media":2285,"comment_status":"closed","ping_status":"closed","sticky":false,"template":"","format":"standard","meta":{"footnotes":""},"categories":[16],"tags":[],"class_list":["post-2283","post","type-post","status-publish","format-standard","has-post-thumbnail","hentry","category-actualidad"],"_links":{"self":[{"href":"https:\/\/buensonido.cl\/index.php?rest_route=\/wp\/v2\/posts\/2283","targetHints":{"allow":["GET"]}}],"collection":[{"href":"https:\/\/buensonido.cl\/index.php?rest_route=\/wp\/v2\/posts"}],"about":[{"href":"https:\/\/buensonido.cl\/index.php?rest_route=\/wp\/v2\/types\/post"}],"author":[{"embeddable":true,"href":"https:\/\/buensonido.cl\/index.php?rest_route=\/wp\/v2\/users\/1"}],"replies":[{"embeddable":true,"href":"https:\/\/buensonido.cl\/index.php?rest_route=%2Fwp%2Fv2%2Fcomments&post=2283"}],"version-history":[{"count":0,"href":"https:\/\/buensonido.cl\/index.php?rest_route=\/wp\/v2\/posts\/2283\/revisions"}],"wp:featuredmedia":[{"embeddable":true,"href":"https:\/\/buensonido.cl\/index.php?rest_route=\/wp\/v2\/media\/2285"}],"wp:attachment":[{"href":"https:\/\/buensonido.cl\/index.php?rest_route=%2Fwp%2Fv2%2Fmedia&parent=2283"}],"wp:term":[{"taxonomy":"category","embeddable":true,"href":"https:\/\/buensonido.cl\/index.php?rest_route=%2Fwp%2Fv2%2Fcategories&post=2283"},{"taxonomy":"post_tag","embeddable":true,"href":"https:\/\/buensonido.cl\/index.php?rest_route=%2Fwp%2Fv2%2Ftags&post=2283"}],"curies":[{"name":"wp","href":"https:\/\/api.w.org\/{rel}","templated":true}]}}