{"id":2265,"date":"2025-04-02T15:34:44","date_gmt":"2025-04-02T18:34:44","guid":{"rendered":"https:\/\/buensonido.cl\/?p=2265"},"modified":"2025-04-02T15:34:44","modified_gmt":"2025-04-02T18:34:44","slug":"jornada-de-la-seremi-de-energia-foco-en-generacion-distribuida-y-energias-renovables","status":"publish","type":"post","link":"https:\/\/buensonido.cl\/?p=2265","title":{"rendered":"Jornada de la Seremi de Energ\u00eda: Foco en Generaci\u00f3n distribuida y energ\u00edas renovables"},"content":{"rendered":"\n<p>M\u00e1s de 50 personas, principalmente representantes de municipios, participaron en la Jornada Regional de Generaci\u00f3n Distribuida para Autoconsumo, realizada en Concepci\u00f3n. La instancia permiti\u00f3 conocer los avances y beneficios de la autogeneraci\u00f3n de energ\u00eda con fuentes renovables, as\u00ed como las oportunidades de financiamiento para proyectos de este tipo en la Regi\u00f3n del Biob\u00edo.<\/p>\n\n\n\n<p>El Seremi de Energ\u00eda del Biob\u00edo, Jorge C\u00e1ceres, destac\u00f3 la importancia de acercar la energ\u00eda a las comunidades y municipios. \u00abDesde el Ministerio de Energ\u00eda estamos comprometidos con seguir impulsando iniciativas que permitan a las personas acceder a una energ\u00eda m\u00e1s limpia, eficiente y asequible. Estas instancias de capacitaci\u00f3n y difusi\u00f3n son fundamentales para que m\u00e1s actores puedan sumarse a la transici\u00f3n energ\u00e9tica que estamos llevando adelante\u201d.<\/p>\n\n\n\n<p>Por su parte, la Coordinadora de Oficina T\u00e9cnica de la Agencia de Sostenibilidad Energ\u00e9tica, Natalia Arellano, destac\u00f3 la relevancia de realizar estas actividades. \u201cLa importancia de este seminario en realidad es mostrar lo que estamos haciendo en la Agencia junto con el Ministerio de Energ\u00eda en las distintas l\u00edneas de trabajo que tenemos ya sea en el Casa Solar, en el Parque Solar Comunitario, en Centros Solares P\u00fablicos y as\u00ed en el fondo mostrar cu\u00e1les son los beneficios que esto tiene tanto para las comunidades como para las personas individuales que han optado estos recursos y tambi\u00e9n incentivar a que cada vez m\u00e1s municipios, cada vez m\u00e1s personas est\u00e9n interesados en este tipo de soluciones y contribuir con la eficiencia energ\u00e9tica\u201d.<\/p>\n\n\n\n<p>Durante la jornada, se abordaron temas clave como los resultados del programa Casa Solar y su impacto en el ahorro de energ\u00eda, el Proyecto Piloto Parque Solar Comunitario, la elaboraci\u00f3n de proyectos para postulaci\u00f3n a fuentes de financiamiento, y el Programa Techos Solares P\u00fablicos 2.0 y modelo ESCO para instituciones p\u00fablicas.<\/p>\n\n\n\n<p>Para Jorge Flores, beneficiario del Programa Casa Solar, estas instancias permiten a las familias y entidades p\u00fablicas reducir sus consumos de forma m\u00e1s eficiente. \u201cBueno, el proyecto en s\u00ed es bastante bueno, dado que permite, uno, colaborar con el medio ambiente, energ\u00edas limpias, y segundo, un ahorro en la casa o habitaci\u00f3n o vivienda donde uno vive. En el caso m\u00edo, alrededor de seis meses en el a\u00f1o. Verano-oto\u00f1o nos ha salido la cuenta pr\u00e1cticamente cero, y en la etapa de invierno el ahorro alcanza alrededor de un 5 a un 10%. Por lo tanto, si bien es cierto que el invierno no es mucho el aporte de las placas solares, siempre un 10% en la cuenta es bienvenido. Pero s\u00ed es destacable en verano-oto\u00f1o, donde la cuenta del oficio nuestro ha salido cero, pr\u00e1cticamente cero\u201d.<\/p>\n\n\n\n<p>El Ministerio de Energ\u00eda, a trav\u00e9s de su estrategia 2022-2026, busca fortalecer el Empoderamiento Ciudadano y la Democratizaci\u00f3n de la Energ\u00eda, promoviendo la instalaci\u00f3n de sistemas de generaci\u00f3n distribuida y facilitando el acceso a informaci\u00f3n clave para la postulaci\u00f3n a distintos programas de financiamiento.<\/p>\n\n\n\n<figure class=\"wp-block-image size-large\"><img decoding=\"async\" src=\"https:\/\/buensonido.cl\/wp-content\/uploads\/2025\/04\/FOTOS-13-1024x768.jpeg\" alt=\"\" class=\"wp-image-2266\"\/><\/figure>\n\n\n\n<figure class=\"wp-block-image size-large\"><img decoding=\"async\" src=\"https:\/\/buensonido.cl\/wp-content\/uploads\/2025\/04\/FOTOS-3-1024x768.jpeg\" alt=\"\" class=\"wp-image-2267\"\/><\/figure>\n","protected":false},"excerpt":{"rendered":"<p>M\u00e1s de 50 personas, principalmente representantes de municipios, participaron en la Jornada Regional de Generaci\u00f3n Distribuida para Autoconsumo, realizada en Concepci\u00f3n. La instancia permiti\u00f3 conocer los avances y beneficios de la autogeneraci\u00f3n de energ\u00eda con fuentes renovables, as\u00ed como las oportunidades de financiamiento para proyectos de este tipo en la Regi\u00f3n del Biob\u00edo. El Seremi &hellip;<\/p>\n","protected":false},"author":1,"featured_media":2266,"comment_status":"closed","ping_status":"closed","sticky":false,"template":"","format":"standard","meta":{"footnotes":""},"categories":[16],"tags":[],"class_list":["post-2265","post","type-post","status-publish","format-standard","has-post-thumbnail","hentry","category-actualidad"],"_links":{"self":[{"href":"https:\/\/buensonido.cl\/index.php?rest_route=\/wp\/v2\/posts\/2265","targetHints":{"allow":["GET"]}}],"collection":[{"href":"https:\/\/buensonido.cl\/index.php?rest_route=\/wp\/v2\/posts"}],"about":[{"href":"https:\/\/buensonido.cl\/index.php?rest_route=\/wp\/v2\/types\/post"}],"author":[{"embeddable":true,"href":"https:\/\/buensonido.cl\/index.php?rest_route=\/wp\/v2\/users\/1"}],"replies":[{"embeddable":true,"href":"https:\/\/buensonido.cl\/index.php?rest_route=%2Fwp%2Fv2%2Fcomments&post=2265"}],"version-history":[{"count":0,"href":"https:\/\/buensonido.cl\/index.php?rest_route=\/wp\/v2\/posts\/2265\/revisions"}],"wp:featuredmedia":[{"embeddable":true,"href":"https:\/\/buensonido.cl\/index.php?rest_route=\/wp\/v2\/media\/2266"}],"wp:attachment":[{"href":"https:\/\/buensonido.cl\/index.php?rest_route=%2Fwp%2Fv2%2Fmedia&parent=2265"}],"wp:term":[{"taxonomy":"category","embeddable":true,"href":"https:\/\/buensonido.cl\/index.php?rest_route=%2Fwp%2Fv2%2Fcategories&post=2265"},{"taxonomy":"post_tag","embeddable":true,"href":"https:\/\/buensonido.cl\/index.php?rest_route=%2Fwp%2Fv2%2Ftags&post=2265"}],"curies":[{"name":"wp","href":"https:\/\/api.w.org\/{rel}","templated":true}]}}