{"id":2232,"date":"2025-01-23T10:50:06","date_gmt":"2025-01-23T13:50:06","guid":{"rendered":"https:\/\/buensonido.cl\/?p=2232"},"modified":"2025-01-23T10:50:06","modified_gmt":"2025-01-23T13:50:06","slug":"realizan-el-lanzamiento-de-la-escuela-de-verano-2025-en-coronel","status":"publish","type":"post","link":"https:\/\/buensonido.cl\/?p=2232","title":{"rendered":"Realizan el lanzamiento de la Escuela de Verano 2025 en Coronel"},"content":{"rendered":"\n<p>Se realiz\u00f3 el lanzamiento de la Escuela de Verano 2025 en Coronel, iniciativa impulsada por la Oficina Local de Ni\u00f1ez y Junaeb. El programa busca ofrecer a ni\u00f1as y ni\u00f1os de la comuna actividades recreativas, culturales y deportivas durante el periodo estival, contribuyendo a su desarrollo integral y bienestar.<\/p>\n\n\n\n<p>En la instancia estuvo presente el alcalde Boris Chamorro, quien destac\u00f3 la importancia de este espacio en la comunidad y visit\u00f3 algunos de los talleres que se impartir\u00e1n.<\/p>\n\n\n\n<p>La directora de Dideco, Carla Torres, explic\u00f3 los detalles de la iniciativa.<\/p>\n\n\n\n<p>\u201cLas escuelas de verano son un proyecto realizado mediante convenio de Junaeb con el plan Chile Crece Contigo del Ministerio de Desarrollo Social. Este a\u00f1o se ejecutar\u00e1 en ocho comunas de la regi\u00f3n del Biob\u00edo, y Coronel es una de las beneficiadas. En nuestra comuna, se ofrecer\u00e1n talleres deportivos como f\u00fatbol, actividad f\u00edsica y nataci\u00f3n, adem\u00e1s de arte y cocina. Contamos con una matr\u00edcula de 40 ni\u00f1os y ni\u00f1as entre 6 y 13 a\u00f1os, pertenecientes al 40% m\u00e1s vulnerable de nuestra poblaci\u00f3n, con el fin de apoyar a quienes m\u00e1s lo necesitan\u201d, destac\u00f3 Torres.<\/p>\n\n\n\n<figure class=\"wp-block-image size-large\"><img decoding=\"async\" src=\"https:\/\/buensonido.cl\/wp-content\/uploads\/2025\/01\/Imagen-de-WhatsApp-2025-01-22-a-las-16.54.42_20abfd73-1024x682.jpg\" alt=\"\" class=\"wp-image-2233\"\/><\/figure>\n\n\n\n<figure class=\"wp-block-image size-large\"><img decoding=\"async\" src=\"https:\/\/buensonido.cl\/wp-content\/uploads\/2025\/01\/Imagen-de-WhatsApp-2025-01-22-a-las-16.54.42_9053ebe6-1024x682.jpg\" alt=\"\" class=\"wp-image-2234\"\/><\/figure>\n","protected":false},"excerpt":{"rendered":"<p>Se realiz\u00f3 el lanzamiento de la Escuela de Verano 2025 en Coronel, iniciativa impulsada por la Oficina Local de Ni\u00f1ez y Junaeb. El programa busca ofrecer a ni\u00f1as y ni\u00f1os de la comuna actividades recreativas, culturales y deportivas durante el periodo estival, contribuyendo a su desarrollo integral y bienestar. En la instancia estuvo presente el &hellip;<\/p>\n","protected":false},"author":1,"featured_media":2233,"comment_status":"closed","ping_status":"closed","sticky":false,"template":"","format":"standard","meta":{"footnotes":""},"categories":[16,24],"tags":[],"class_list":["post-2232","post","type-post","status-publish","format-standard","has-post-thumbnail","hentry","category-actualidad","category-deportes"],"_links":{"self":[{"href":"https:\/\/buensonido.cl\/index.php?rest_route=\/wp\/v2\/posts\/2232","targetHints":{"allow":["GET"]}}],"collection":[{"href":"https:\/\/buensonido.cl\/index.php?rest_route=\/wp\/v2\/posts"}],"about":[{"href":"https:\/\/buensonido.cl\/index.php?rest_route=\/wp\/v2\/types\/post"}],"author":[{"embeddable":true,"href":"https:\/\/buensonido.cl\/index.php?rest_route=\/wp\/v2\/users\/1"}],"replies":[{"embeddable":true,"href":"https:\/\/buensonido.cl\/index.php?rest_route=%2Fwp%2Fv2%2Fcomments&post=2232"}],"version-history":[{"count":0,"href":"https:\/\/buensonido.cl\/index.php?rest_route=\/wp\/v2\/posts\/2232\/revisions"}],"wp:featuredmedia":[{"embeddable":true,"href":"https:\/\/buensonido.cl\/index.php?rest_route=\/wp\/v2\/media\/2233"}],"wp:attachment":[{"href":"https:\/\/buensonido.cl\/index.php?rest_route=%2Fwp%2Fv2%2Fmedia&parent=2232"}],"wp:term":[{"taxonomy":"category","embeddable":true,"href":"https:\/\/buensonido.cl\/index.php?rest_route=%2Fwp%2Fv2%2Fcategories&post=2232"},{"taxonomy":"post_tag","embeddable":true,"href":"https:\/\/buensonido.cl\/index.php?rest_route=%2Fwp%2Fv2%2Ftags&post=2232"}],"curies":[{"name":"wp","href":"https:\/\/api.w.org\/{rel}","templated":true}]}}