{"id":2209,"date":"2025-01-11T10:39:14","date_gmt":"2025-01-11T13:39:14","guid":{"rendered":"https:\/\/buensonido.cl\/?p=2209"},"modified":"2025-01-11T10:39:14","modified_gmt":"2025-01-11T13:39:14","slug":"teleferico-de-talcahuano-se-licitara-a-fines-de-2025","status":"publish","type":"post","link":"https:\/\/buensonido.cl\/?p=2209","title":{"rendered":"TELEF\u00c9RICO DE TALCAHUANO SE LICITAR\u00c1 A FINES DE 2025"},"content":{"rendered":"\n<p>El proyecto de Telef\u00e9rico de Talcahuano sigue avanzando a paso firme. Lo anterior, tras la confirmaci\u00f3n del inicio del proceso de licitaci\u00f3n durante el Seminario \u201cTelef\u00e9ricos de Chile\u201d, organizado por el Programa de Vialidad y Transporte Urbano \u2013 Sectra, del MTT. Fue en esa instancia, donde se confirm\u00f3 que el proyecto se realizar\u00e1 a trav\u00e9s del sistema de concesiones del MOP, proceso que se estima, comenzar\u00eda en el \u00faltimo trimestre de 2025, con una inversi\u00f3n de $130 mil millones.<\/p>\n\n\n\n<p>El ministro de Transportes y Telecomunicaciones, Juan Carlos Mu\u00f1oz, afirm\u00f3 que \u201chemos anunciado el \u00faltimo trimestre vamos a estar abriendo una licitaci\u00f3n para el dise\u00f1o y construcci\u00f3n de un telef\u00e9rico que permita conectar los cerros de Talcahuano con el centro de la ciudad. Este es un proyecto extraordinariamente anhelado por la comunidad, que ha sido pensado y dise\u00f1ado junto con ellos, que llevamos siete a\u00f1os en esto. Estamos hablando de un telef\u00e9rico que va a tener 4,2 kil\u00f3metros, siete estaciones y un costo de 131 mil millones de pesos. Son 34 mil los habitantes de los cerros de Talcahuano, cerca de 11 mil hogares los que se ver\u00e1n beneficiados por estas dos l\u00edneas que conectar\u00e1n el sector c\u00e9ntrico, en la plaza El Ancla con el Mirador del Pac\u00edfico, y con la zona de Nueva Los Lobos\u00bb.<\/p>\n\n\n\n<p>La autoridad de Transportes agreg\u00f3 que esta noticia \u201cratifica el importante trabajo realizado desde nuestra cartera, y espec\u00edficamente, a trav\u00e9s de Sectra, de generar un proyecto que no s\u00f3lo busca mejorar la conectividad de la comuna de Talcahuano, sino tambi\u00e9n, aportar a una reactivaci\u00f3n integral de los sectores como Mirador del Pac\u00edfico o Los Lobos, especialmente entendiendo que este modo es capaz de generar nuevos focos comerciales, de servicios, e incluso, tur\u00edsticos\u201d.<\/p>\n\n\n\n<p>En tanto, el ministro (s) de Obras P\u00fablicas, se\u00f1al\u00f3 que \u00abesta es una iniciativa que permitir\u00e1 solucionar los complejos problemas de movilidad en Talcahuano, especialmente en los cerros, con un sistema alternativo, eficiente, sostenible y de calidad que significar\u00e1 una inversi\u00f3n de 130 millones de d\u00f3lares potenciando nuestra alianza p\u00fablico &#8211; privada y reforzando este tipo de movilidad que ya estamos desarrollando en conjunto con el Ministerio de Transportes y Telecomunicaciones en Santiago, Iquique-Alto Hospicio y Valpara\u00edso\u201d.<\/p>\n\n\n\n<p>Por su parte, el Director General de Concesiones, Juan Manuel S\u00e1nchez, indic\u00f3 que \u201cestamos desarrollando otras experiencias en el pa\u00eds y el beneficio es otorgarles mayor dignidad a los viajes, disminuir los tiempos de desplazamiento y eso significa mejorar la calidad de vida. Estos proyectos son proyectos de Estado y el telef\u00e9rico es una herramienta de transporte p\u00fablico que se est\u00e1 ocupando en todo el mundo en ciudades como Par\u00eds, Medell\u00edn o La Paz y creemos que Talcahuano merece un sistema de transporte de esta calidad y que mejorar\u00e1 el desarrollo urbano de la ciudad\u00bb.<\/p>\n\n\n\n<p>A su vez, el subsecretario de Transportes, Jorge Daza, destac\u00f3 que \u201cen el marco del desarrollo del plan M\u00e1s Movilidad para el Gran Concepci\u00f3n, uno de los objetivos fue impulsar el estudio de prefactibilidad del telef\u00e9rico de Talcahuano y jornadas de participaci\u00f3n ciudadana para definir en conjunto con vecinos y vecinas propuestas de trazados y estaciones. Por lo tanto, estamos muy contentos de dar un paso m\u00e1s para hacer realidad este proyecto y avanzar hacia un modo de transporte moderno, seguro y sustentable que le cambiar\u00e1 la calidad de vida a quienes habitan en los cerros de la comuna\u201d.<\/p>\n\n\n\n<p><strong><em>Respecto al proyecto<\/em><\/strong><\/p>\n\n\n\n<p>En cuanto a las caracter\u00edsticas del proyecto, \u00e9ste&nbsp;posee una extensi\u00f3n de 4,2 kil\u00f3metros en total, conectando el Centro de Talcahuano (Plaza El Ancla) con algunos de los sectores m\u00e1s densos y poblados en Los Cerros: Cerro Cornou, Cerro Centinela (Antenas), Centinela II, Lobos Nuevos, Mirador del Pac\u00edfico y Los Lobos.<\/p>\n\n\n\n<p>Se contempla que opere mediante dos l\u00edneas. La 1, que conectar\u00e1 directamente desde el Centro de Talcahuano hasta el sector Mirador del Pac\u00edfico con otras tres estaciones intermedias en Cerro Cornou, Cerro Antenas y Centinela II, a trav\u00e9s de un trazado de 2,9 kil\u00f3metros. Por su parte,&nbsp; la L\u00ednea 2 tiene una longitud de 1,3 kil\u00f3metros y se conecta con la L\u00ednea 1 en la estaci\u00f3n del Cerro Antenas desde donde se extiende hacia Los Lobos, contemplando una estaci\u00f3n intermedia en Nueva Los Lobos.<\/p>\n\n\n\n<p>Respecto a su principal beneficio, cabe se\u00f1alar que este modo permite facilitar la conectividad existente en los cerros de Talcahuano, espec\u00edficamente reduciendo los tiempos de desplazamientos, hasta casi un 55% en periodo punta.<\/p>\n\n\n\n<figure class=\"wp-block-image size-large\"><img decoding=\"async\" src=\"https:\/\/buensonido.cl\/wp-content\/uploads\/2025\/01\/IMG_5799-1024x768.jpg\" alt=\"\" class=\"wp-image-2210\"\/><\/figure>\n\n\n\n<figure class=\"wp-block-image size-large\"><img decoding=\"async\" src=\"https:\/\/buensonido.cl\/wp-content\/uploads\/2025\/01\/IMG_5800-1024x768.jpg\" alt=\"\" class=\"wp-image-2211\"\/><\/figure>\n","protected":false},"excerpt":{"rendered":"<p>El proyecto de Telef\u00e9rico de Talcahuano sigue avanzando a paso firme. Lo anterior, tras la confirmaci\u00f3n del inicio del proceso de licitaci\u00f3n durante el Seminario \u201cTelef\u00e9ricos de Chile\u201d, organizado por el Programa de Vialidad y Transporte Urbano \u2013 Sectra, del MTT. Fue en esa instancia, donde se confirm\u00f3 que el proyecto se realizar\u00e1 a trav\u00e9s &hellip;<\/p>\n","protected":false},"author":1,"featured_media":2210,"comment_status":"closed","ping_status":"closed","sticky":false,"template":"","format":"standard","meta":{"footnotes":""},"categories":[16],"tags":[],"class_list":["post-2209","post","type-post","status-publish","format-standard","has-post-thumbnail","hentry","category-actualidad"],"_links":{"self":[{"href":"https:\/\/buensonido.cl\/index.php?rest_route=\/wp\/v2\/posts\/2209","targetHints":{"allow":["GET"]}}],"collection":[{"href":"https:\/\/buensonido.cl\/index.php?rest_route=\/wp\/v2\/posts"}],"about":[{"href":"https:\/\/buensonido.cl\/index.php?rest_route=\/wp\/v2\/types\/post"}],"author":[{"embeddable":true,"href":"https:\/\/buensonido.cl\/index.php?rest_route=\/wp\/v2\/users\/1"}],"replies":[{"embeddable":true,"href":"https:\/\/buensonido.cl\/index.php?rest_route=%2Fwp%2Fv2%2Fcomments&post=2209"}],"version-history":[{"count":0,"href":"https:\/\/buensonido.cl\/index.php?rest_route=\/wp\/v2\/posts\/2209\/revisions"}],"wp:featuredmedia":[{"embeddable":true,"href":"https:\/\/buensonido.cl\/index.php?rest_route=\/wp\/v2\/media\/2210"}],"wp:attachment":[{"href":"https:\/\/buensonido.cl\/index.php?rest_route=%2Fwp%2Fv2%2Fmedia&parent=2209"}],"wp:term":[{"taxonomy":"category","embeddable":true,"href":"https:\/\/buensonido.cl\/index.php?rest_route=%2Fwp%2Fv2%2Fcategories&post=2209"},{"taxonomy":"post_tag","embeddable":true,"href":"https:\/\/buensonido.cl\/index.php?rest_route=%2Fwp%2Fv2%2Ftags&post=2209"}],"curies":[{"name":"wp","href":"https:\/\/api.w.org\/{rel}","templated":true}]}}