{"id":2206,"date":"2025-01-11T10:37:04","date_gmt":"2025-01-11T13:37:04","guid":{"rendered":"https:\/\/buensonido.cl\/?p=2206"},"modified":"2025-01-11T10:37:04","modified_gmt":"2025-01-11T13:37:04","slug":"patricio-fierro-es-el-nuevo-seremi-de-transportes-y-telecomunicaciones-de-la-region-del-biobio","status":"publish","type":"post","link":"https:\/\/buensonido.cl\/?p=2206","title":{"rendered":"Patricio Fierro es el nuevo seremi de Transportes y Telecomunicaciones de la Regi\u00f3n del Biob\u00edo"},"content":{"rendered":"\n<p>El Ministerio de Transportes y Telecomunicaciones informa que Patricio Alejandro Fierro Garc\u00e9s asumir\u00e1 como Secretario Regional Ministerial en la regi\u00f3n del Biob\u00edo a contar del martes 14 de enero de 2025.<br>Fierro Garc\u00e9s es abogado de la Universidad Cat\u00f3lica de la Sant\u00edsima Concepci\u00f3n, diplomado en Derecho Administrativo General de la Universidad de Concepci\u00f3n y diplomado en Derecho Municipal de la Universidad de Concepci\u00f3n. <\/p>\n\n\n\n<p>Adem\u00e1s, curs\u00f3 estudios de mag\u00edster en Derecho P\u00fablico de la Universidad de Concepci\u00f3n.<br>Recientemente ejerc\u00eda labores como director regional del Fondo de Solidaridad e Inversi\u00f3n Social (Fosis) en la regi\u00f3n del Biob\u00edo. Tambi\u00e9n se ha desempe\u00f1ado como administrador municipal de la Municipalidad de Chiguayante, director de Desarrollo Comunitario de la Municipalidad de Chiguayante y jefe de gabinete en la Superintendencia de Educaci\u00f3n en la regi\u00f3n del Biob\u00edo.<\/p>\n\n\n\n<figure class=\"wp-block-image size-large\"><img decoding=\"async\" src=\"https:\/\/buensonido.cl\/wp-content\/uploads\/2025\/01\/Patricio-Fierro-768x1024.jpg\" alt=\"\" class=\"wp-image-2207\"\/><\/figure>\n","protected":false},"excerpt":{"rendered":"<p>El Ministerio de Transportes y Telecomunicaciones informa que Patricio Alejandro Fierro Garc\u00e9s asumir\u00e1 como Secretario Regional Ministerial en la regi\u00f3n del Biob\u00edo a contar del martes 14 de enero de 2025.Fierro Garc\u00e9s es abogado de la Universidad Cat\u00f3lica de la Sant\u00edsima Concepci\u00f3n, diplomado en Derecho Administrativo General de la Universidad de Concepci\u00f3n y diplomado en &hellip;<\/p>\n","protected":false},"author":1,"featured_media":2207,"comment_status":"closed","ping_status":"closed","sticky":false,"template":"","format":"standard","meta":{"footnotes":""},"categories":[16],"tags":[],"class_list":["post-2206","post","type-post","status-publish","format-standard","has-post-thumbnail","hentry","category-actualidad"],"_links":{"self":[{"href":"https:\/\/buensonido.cl\/index.php?rest_route=\/wp\/v2\/posts\/2206","targetHints":{"allow":["GET"]}}],"collection":[{"href":"https:\/\/buensonido.cl\/index.php?rest_route=\/wp\/v2\/posts"}],"about":[{"href":"https:\/\/buensonido.cl\/index.php?rest_route=\/wp\/v2\/types\/post"}],"author":[{"embeddable":true,"href":"https:\/\/buensonido.cl\/index.php?rest_route=\/wp\/v2\/users\/1"}],"replies":[{"embeddable":true,"href":"https:\/\/buensonido.cl\/index.php?rest_route=%2Fwp%2Fv2%2Fcomments&post=2206"}],"version-history":[{"count":0,"href":"https:\/\/buensonido.cl\/index.php?rest_route=\/wp\/v2\/posts\/2206\/revisions"}],"wp:featuredmedia":[{"embeddable":true,"href":"https:\/\/buensonido.cl\/index.php?rest_route=\/wp\/v2\/media\/2207"}],"wp:attachment":[{"href":"https:\/\/buensonido.cl\/index.php?rest_route=%2Fwp%2Fv2%2Fmedia&parent=2206"}],"wp:term":[{"taxonomy":"category","embeddable":true,"href":"https:\/\/buensonido.cl\/index.php?rest_route=%2Fwp%2Fv2%2Fcategories&post=2206"},{"taxonomy":"post_tag","embeddable":true,"href":"https:\/\/buensonido.cl\/index.php?rest_route=%2Fwp%2Fv2%2Ftags&post=2206"}],"curies":[{"name":"wp","href":"https:\/\/api.w.org\/{rel}","templated":true}]}}