{"id":2196,"date":"2024-12-12T12:36:08","date_gmt":"2024-12-12T15:36:08","guid":{"rendered":"https:\/\/buensonido.cl\/?p=2196"},"modified":"2024-12-12T12:36:08","modified_gmt":"2024-12-12T15:36:08","slug":"estudiantes-de-tres-liceos-coronelinos-compitieron-en-feria-cientifica-que-premio-a-los-mejores-proyectos-quimicos","status":"publish","type":"post","link":"https:\/\/buensonido.cl\/?p=2196","title":{"rendered":"Estudiantes de tres liceos coronelinos compitieron en Feria Cient\u00edfica que premi\u00f3 a los mejores proyectos qu\u00edmicos"},"content":{"rendered":"\n<p>Ocho fueron los equipos de estudiantes de ense\u00f1anza media de distintos establecimientos educacionales de Coronel los que participaron de la Feria Cient\u00edfica REACCIONA, organizada por Oxiquim y la ONG Educando en Red, y que se desarroll\u00f3 durante toda la jornada matutina en dependencias de la empresa, en el Parque Industrial Escuadr\u00f3n. <\/p>\n\n\n\n<p>Durante la distancia, los equipos de estudiantes presentaron un video introductorio, dispusieron sus proyectos cient\u00edficos en un \u00e1rea de stands y luego expusieron ante un jurado, que tuvo la responsabilidad de elegir a los ganadores de las distintas categor\u00edas.<\/p>\n\n\n\n<p>Tras la deliberaci\u00f3n del jurado, el equipo \u201cSawdust Green\u201d del Liceo T\u00e9cnico Profesional de la Madera se qued\u00f3 con el primer lugar en \u00abProyecci\u00f3n y Viabilidad\u00bb, en tanto el grupo \u201cSmartchem\u201d gan\u00f3 la categor\u00eda \u00abInnovaci\u00f3n Qu\u00edmica\u00bb y \u201cVerde React\u201d consigui\u00f3 imponerse en \u00abImpacto Medioambiental\u00bb, ambos equipos de estudiantes del Instituto de Humanidades de Coronel.<\/p>\n\n\n\n<p>La profesora Susana Riffo, del Club Cient\u00edfico Escolar del Liceo T\u00e9cnico Profesional de la Madera que particip\u00f3 con el equipo \u201cSawdust Green\u201d, que se impuso en una de las categor\u00edas, dijo que \u00abfue super bonito todo el evento y a eso ven\u00edamos,a ganar. Es un trabajo ya de dos a\u00f1os que venimos tratando de generar proyectos piloto para poder trabajar con alg\u00fan producto que sea viable con el medio ambiente\u00bb.<\/p>\n\n\n\n<p>Catalina Mu\u00f1oz Aguayo, del Insituto de Humanidades de Coronel y parte del equipo \u201cSmartchem\u201d que present\u00f3 un spray semi org\u00e1nico repelente de animales callejeros, explic\u00f3 que \u00abnuestra iniciativa es que con esto pudi\u00e9semos repeler a los animales y que no rompiesen la basura\u00bb.La estudiante confidenci\u00f3 que \u00abnosotros somos egresados, entonces tambi\u00e9n es una sorpresa porque literalmente hoy es nuestro \u00faltimo d\u00eda de liceo, b\u00e1sicamente, entonces fue muy grato, hermoso y emocionante\u00bb, y adem\u00e1s reconoci\u00f3 que \u00abnosotros quer\u00edamos ganar, como todo equipo que vino ac\u00e1, le pusimos much\u00edsimo empe\u00f1o\u00bb. <\/p>\n\n\n\n<p>Adicionalmente, hubo un premio para el Mejor Stand, otorgado por los trabajadores de Oxiquim, reconocimiento que fue para el equipo \u201cBiotop\u00eda\u201d, tambi\u00e9n del Instituto de Humanidades de Coronel.<\/p>\n\n\n\n<p>Oriana Troncoso Puga, encargada de Territorio y Sostenibilidad de Oxiquim,\u00bbtenemos una estrategia de vinculaci\u00f3n con las comunidades, en donde uno de nuestros pilares es que no conozcan en relacionamiento transparente y  un desaf\u00edo local tambi\u00e9n, que es el tema medio ambiental\u00bb.<\/p>\n\n\n\n<p>Precis\u00f3 que \u00abunimos estos dos pilares y en el fondo lo que buscamos es que nos conozcan, y como somos una industria qu\u00edmica, eso es lo que queremos promover: la qu\u00edmica en los colegios\u00bb.<\/p>\n\n\n\n<p>Sim\u00f3n Bruna, Gerente de Sostenibilidad de Oxiquim coment\u00f3 que \u00ab\u00bbrecibimos ocho proyectos de tres colegios en esta convocatoria, y se notaban equipos preparados, todos presentaron, no hubo ning\u00fan alumno que no haya participado en la presentaci\u00f3n de sus iniciativas.A\u00f1adi\u00f3 el ejecutivo que \u00abes lo que buscamos promover con estas iniciativas, una feria de emprendimiento con base o con foco en iniciativas medioambientales. Desde lo que somos nosotros como empresa qu\u00edmica ha sido, como experiencia, de las mejores que hemos tenido este a\u00f1o\u00bb.<\/p>\n\n\n\n<p>Por su parte, el CEO de la ONG Educando en RED, Alberto Pillado, destac\u00f3 que \u00ablos estudiantes, al igual que la mayor\u00eda de los establecimientos cuando les colocas desaf\u00edos en distintos \u00e1mbitos, siempre se motivan y hoy d\u00eda es una prueba m\u00e1s de ello\u00bb.<\/p>\n\n\n\n<p>Pillado asegur\u00f3 que \u00abla feria en la que hoy estamos es el resultado de este proceso que dur\u00f3 aproximadamente un mes, con los establecimientos que han sido beneficiados por Oxiquim\u00bb, ya que cada equipo ganador se hizo acreedor de un cheque por $500 mil en recursos de aprendizaje para sus respectivos establecimientos.<\/p>\n\n\n\n<p>Es importante enfatizar que el evento se desarroll\u00f3 en el marco del programa REACCIONA, iniciativa de la empresa Oxiquim, que busca fomentar en las y los estudiantes de ense\u00f1anza media la protecci\u00f3n del medio ambiente y su entorno, mediante desaf\u00edos en base a la qu\u00edmica, y de esta manera inspirar a una nueva generaci\u00f3n consciente y comprometida con la conservaci\u00f3n del medio ambiente.<\/p>\n\n\n\n<figure class=\"wp-block-image size-large\"><img decoding=\"async\" src=\"https:\/\/buensonido.cl\/wp-content\/uploads\/2024\/12\/1000127582-1024x683.jpg\" alt=\"\" class=\"wp-image-2197\"\/><\/figure>\n\n\n\n<figure class=\"wp-block-image size-large\"><img decoding=\"async\" src=\"https:\/\/buensonido.cl\/wp-content\/uploads\/2024\/12\/1000127581-1024x768.jpg\" alt=\"\" class=\"wp-image-2198\"\/><\/figure>\n","protected":false},"excerpt":{"rendered":"<p>Ocho fueron los equipos de estudiantes de ense\u00f1anza media de distintos establecimientos educacionales de Coronel los que participaron de la Feria Cient\u00edfica REACCIONA, organizada por Oxiquim y la ONG Educando en Red, y que se desarroll\u00f3 durante toda la jornada matutina en dependencias de la empresa, en el Parque Industrial Escuadr\u00f3n. Durante la distancia, los &hellip;<\/p>\n","protected":false},"author":1,"featured_media":2198,"comment_status":"closed","ping_status":"closed","sticky":false,"template":"","format":"standard","meta":{"footnotes":""},"categories":[16],"tags":[],"class_list":["post-2196","post","type-post","status-publish","format-standard","has-post-thumbnail","hentry","category-actualidad"],"_links":{"self":[{"href":"https:\/\/buensonido.cl\/index.php?rest_route=\/wp\/v2\/posts\/2196","targetHints":{"allow":["GET"]}}],"collection":[{"href":"https:\/\/buensonido.cl\/index.php?rest_route=\/wp\/v2\/posts"}],"about":[{"href":"https:\/\/buensonido.cl\/index.php?rest_route=\/wp\/v2\/types\/post"}],"author":[{"embeddable":true,"href":"https:\/\/buensonido.cl\/index.php?rest_route=\/wp\/v2\/users\/1"}],"replies":[{"embeddable":true,"href":"https:\/\/buensonido.cl\/index.php?rest_route=%2Fwp%2Fv2%2Fcomments&post=2196"}],"version-history":[{"count":0,"href":"https:\/\/buensonido.cl\/index.php?rest_route=\/wp\/v2\/posts\/2196\/revisions"}],"wp:featuredmedia":[{"embeddable":true,"href":"https:\/\/buensonido.cl\/index.php?rest_route=\/wp\/v2\/media\/2198"}],"wp:attachment":[{"href":"https:\/\/buensonido.cl\/index.php?rest_route=%2Fwp%2Fv2%2Fmedia&parent=2196"}],"wp:term":[{"taxonomy":"category","embeddable":true,"href":"https:\/\/buensonido.cl\/index.php?rest_route=%2Fwp%2Fv2%2Fcategories&post=2196"},{"taxonomy":"post_tag","embeddable":true,"href":"https:\/\/buensonido.cl\/index.php?rest_route=%2Fwp%2Fv2%2Ftags&post=2196"}],"curies":[{"name":"wp","href":"https:\/\/api.w.org\/{rel}","templated":true}]}}