{"id":2192,"date":"2024-12-11T21:02:55","date_gmt":"2024-12-12T00:02:55","guid":{"rendered":"https:\/\/buensonido.cl\/?p=2192"},"modified":"2024-12-11T21:02:55","modified_gmt":"2024-12-12T00:02:55","slug":"inauguran-sede-social-y-productiva-del-sindicato-de-orilleras-de-playa-negra-en-coronel","status":"publish","type":"post","link":"https:\/\/buensonido.cl\/?p=2192","title":{"rendered":"INAUGURAN SEDE SOCIAL Y PRODUCTIVA DEL SINDICATO DE ORILLERAS DE PLAYA NEGRA EN CORONEL"},"content":{"rendered":"\n<p><em>El proyecto fue fruto del trabajo de dirigentes sociales participantes de la Mesa Pesca Futuro, iniciativa impulsad a por la empresa Colb\u00fan y con el apoyo de la Universidad Cat\u00f3lica de la Sant\u00edsima Concepci\u00f3n.<\/em><\/p>\n\n\n\n<p>El Sindicato de Orilleras de Playa Negra vivi\u00f3 un d\u00eda hist\u00f3rico con la inauguraci\u00f3n de su sede social y productiva, un espacio largamente anhelado que permitir\u00e1 fortalecer las actividades sociales, sindicales y productivas de la organizaci\u00f3n.<\/p>\n\n\n\n<p> Este logro, materializado gracias al trabajo conjunto de la Mesa Pesca Futuro, que lleva m\u00e1s de 12 a\u00f1os impulsando proyectos sociales en Coronel, representa un importante avance para la comunidad de pescadores artesanales de la comuna.<\/p>\n\n\n\n<p>La ceremonia de inauguraci\u00f3n cont\u00f3 con la presencia de representantes de la Direcci\u00f3n Zonal de Pesca y Acuicultura, Sernapesca, y otras autoridades locales, adem\u00e1s de dirigentes sindicales y representantes de las instituciones que hicieron posible el proyecto. <\/p>\n\n\n\n<p>Diego Olivares, profesional de la Universidad Cat\u00f3lica de la Sant\u00edsima Concepci\u00f3n que coordina el programa Pesca Futuro, destac\u00f3 que esta nueva sede es un reflejo del impacto positivo que puede generar el trabajo conjunto. <\/p>\n\n\n\n<p>\u00abEste proyecto refleja c\u00f3mo el trabajo conjunto entre la UCSC, la empresa Colb\u00fan y los dirigentes sociales ha fortalecido a la comunidad. No solo hemos visto organizaciones m\u00e1s fuertes, sino tambi\u00e9n dirigentes empoderados que lideran con mayor capacidad y visi\u00f3n\u00bb, coment\u00f3, agregando que esta iniciativa es \u00abuna muestra de lo que se puede lograr con esfuerzo y colaboraci\u00f3n\u00bb.<\/p>\n\n\n\n<p><strong>Un sue\u00f1o hecho realidad<\/strong><\/p>\n\n\n\n<p>Por su parte, Mar\u00eda Teresa Infante, dirigente del Sindicato de Orilleras de Playa Negra, record\u00f3 con emoci\u00f3n el largo camino que llev\u00f3 a este logro. \u00abNosotros empezamos desde cero, reuni\u00e9ndonos en la calle o en sedes prestadas. Hoy, despu\u00e9s de tanto esfuerzo, tenemos un lugar propio gracias a Colb\u00fan y al apoyo de la universidad\u00bb, se\u00f1al\u00f3. <\/p>\n\n\n\n<p>Adem\u00e1s, destac\u00f3 que este espacio permitir\u00e1 realizar actividades que beneficien a sus socias, incluyendo campa\u00f1as solidarias. \u00abMe siento profundamente feliz y agradecida por este logro\u00bb, recalc\u00f3.<\/p>\n\n\n\n<p>Manuel Guti\u00e9rrez, presidente del Sindicato Independiente de Pescadores Artesanales de Coronel, subray\u00f3 la importancia de esta inauguraci\u00f3n como un ejemplo de los resultados del programa Pesca Futuro. En sus palabras, \u00abeste proyecto demuestra el esfuerzo conjunto de los pescadores y Pesca Futuro para impulsar iniciativas que mejoren las condiciones de los trabajadores\u00bb. <\/p>\n\n\n\n<p>Asimismo, explic\u00f3 que la nueva sede ser\u00e1 una herramienta clave para sus asociados, afirmando que \u00abrepresenta un paso hacia el futuro, con mejores herramientas para nuestros asociados\u00bb.<\/p>\n\n\n\n<p><strong>Visi\u00f3n de futuro<\/strong> <\/p>\n\n\n\n<p>Finalmente, Gonzalo Gonz\u00e1lez, especialista senior de Asuntos P\u00fablicos de Colb\u00fan, destac\u00f3 el largo recorrido que ha tenido el programa Pesca Futuro y el impacto positivo de esta iniciativa. \u00abHoy estamos inaugurando una sede social, pero que adem\u00e1s es productiva, con la posibilidad de desarrollar acciones para el autofinanciamiento de los sindicatos\u00bb, afirm\u00f3. <\/p>\n\n\n\n<p>Gonz\u00e1lez tambi\u00e9n resalt\u00f3 que este logro es el resultado de \u00abm\u00e1s de 12 a\u00f1os de trabajo colaborativo\u00bb y un ejemplo del modelo de alianzas exitosas promovido por la empresa.Adem\u00e1s, recalc\u00f3 el impacto colectivo del proyecto: \u00abHace poco estuvimos en un seminario compartiendo nuestras experiencias de colaboraci\u00f3n con la pesca artesanal, y hoy volvemos a demostrar que este modelo funciona. Esta sede permitir\u00e1 que los sindicatos sigan creciendo y generando redes, asegurando un futuro sostenible para la pesca artesanal de Coronel.\u00bb<\/p>\n\n\n\n<p>La inauguraci\u00f3n culmin\u00f3 con el tradicional corte de cinta, que sell\u00f3 oficialmente un hito significativo para la comunidad de Playa Negra y la pesca artesanal de Coronel. <\/p>\n\n\n\n<p>Con este logro, el Sindicato de Orilleras inicia una nueva etapa que promete fortalecer su trabajo social, el desarrollo de actividades comunitarias y tambi\u00e9n productivas para que les permitan generar recursos para su funcionamiento.<\/p>\n\n\n\n<figure class=\"wp-block-image size-large\"><img decoding=\"async\" src=\"https:\/\/buensonido.cl\/wp-content\/uploads\/2024\/12\/1000127433-1024x768.jpg\" alt=\"\" class=\"wp-image-2193\"\/><\/figure>\n\n\n\n<figure class=\"wp-block-image size-large\"><img decoding=\"async\" src=\"https:\/\/buensonido.cl\/wp-content\/uploads\/2024\/12\/1000127430-1024x768.jpg\" alt=\"\" class=\"wp-image-2194\"\/><\/figure>\n","protected":false},"excerpt":{"rendered":"<p>El proyecto fue fruto del trabajo de dirigentes sociales participantes de la Mesa Pesca Futuro, iniciativa impulsad a por la empresa Colb\u00fan y con el apoyo de la Universidad Cat\u00f3lica de la Sant\u00edsima Concepci\u00f3n. El Sindicato de Orilleras de Playa Negra vivi\u00f3 un d\u00eda hist\u00f3rico con la inauguraci\u00f3n de su sede social y productiva, un &hellip;<\/p>\n","protected":false},"author":1,"featured_media":2193,"comment_status":"closed","ping_status":"closed","sticky":false,"template":"","format":"standard","meta":{"footnotes":""},"categories":[16],"tags":[],"class_list":["post-2192","post","type-post","status-publish","format-standard","has-post-thumbnail","hentry","category-actualidad"],"_links":{"self":[{"href":"https:\/\/buensonido.cl\/index.php?rest_route=\/wp\/v2\/posts\/2192","targetHints":{"allow":["GET"]}}],"collection":[{"href":"https:\/\/buensonido.cl\/index.php?rest_route=\/wp\/v2\/posts"}],"about":[{"href":"https:\/\/buensonido.cl\/index.php?rest_route=\/wp\/v2\/types\/post"}],"author":[{"embeddable":true,"href":"https:\/\/buensonido.cl\/index.php?rest_route=\/wp\/v2\/users\/1"}],"replies":[{"embeddable":true,"href":"https:\/\/buensonido.cl\/index.php?rest_route=%2Fwp%2Fv2%2Fcomments&post=2192"}],"version-history":[{"count":0,"href":"https:\/\/buensonido.cl\/index.php?rest_route=\/wp\/v2\/posts\/2192\/revisions"}],"wp:featuredmedia":[{"embeddable":true,"href":"https:\/\/buensonido.cl\/index.php?rest_route=\/wp\/v2\/media\/2193"}],"wp:attachment":[{"href":"https:\/\/buensonido.cl\/index.php?rest_route=%2Fwp%2Fv2%2Fmedia&parent=2192"}],"wp:term":[{"taxonomy":"category","embeddable":true,"href":"https:\/\/buensonido.cl\/index.php?rest_route=%2Fwp%2Fv2%2Fcategories&post=2192"},{"taxonomy":"post_tag","embeddable":true,"href":"https:\/\/buensonido.cl\/index.php?rest_route=%2Fwp%2Fv2%2Ftags&post=2192"}],"curies":[{"name":"wp","href":"https:\/\/api.w.org\/{rel}","templated":true}]}}