{"id":2172,"date":"2024-12-02T23:06:28","date_gmt":"2024-12-03T02:06:28","guid":{"rendered":"https:\/\/buensonido.cl\/?p=2172"},"modified":"2024-12-02T23:06:28","modified_gmt":"2024-12-03T02:06:28","slug":"acuerdan-reforzar-procedimientos-claves-para-prevencion-de-incendios-forestales","status":"publish","type":"post","link":"https:\/\/buensonido.cl\/?p=2172","title":{"rendered":"Acuerdan reforzar procedimientos claves para prevenci\u00f3n de incendios forestales"},"content":{"rendered":"\n<p>Durante la tarde de este lunes, el alcalde Boris Chamorro lider\u00f3 una nueva sesi\u00f3n del Comit\u00e9 de Gesti\u00f3n de Riesgos y Desastres, Cogrid.<\/p>\n\n\n\n<p>La instancia que fue realizada en el edificio consistorial de Coronel, cont\u00f3 con la participaci\u00f3n del Gobernador Regional, Rodrigo D\u00edaz, el director regional de Senapred, Alejandro Sandoval, el director interino de Conaf, Alberto Bordeu; el superintendente de Bomberos, Eduardo Monsalve, el director municipal de Seguridad, Iv\u00e1n Segura, el mayor de Carabineros, Cristian Merino, representantes de la Defensa Civil, Frontel, CGE y la Uni\u00f3n Comunal de Juntas de Vecinos, entre otros.<\/p>\n\n\n\n<p>En la reuni\u00f3n se acord\u00f3 reforzar procedimientos clave para la prevenci\u00f3n de incendios, adem\u00e1s de mantener y potenciar aquellas medidas que demostraron ser exitosas durante la pasada temporada estival.<\/p>\n\n\n\n<figure class=\"wp-block-image size-large\"><img decoding=\"async\" src=\"https:\/\/buensonido.cl\/wp-content\/uploads\/2024\/12\/1000124954-1024x574.jpg\" alt=\"\" class=\"wp-image-2173\"\/><\/figure>\n\n\n\n<figure class=\"wp-block-image size-large\"><img decoding=\"async\" src=\"https:\/\/buensonido.cl\/wp-content\/uploads\/2024\/12\/1000124960-1024x574.jpg\" alt=\"\" class=\"wp-image-2174\"\/><\/figure>\n","protected":false},"excerpt":{"rendered":"<p>Durante la tarde de este lunes, el alcalde Boris Chamorro lider\u00f3 una nueva sesi\u00f3n del Comit\u00e9 de Gesti\u00f3n de Riesgos y Desastres, Cogrid. La instancia que fue realizada en el edificio consistorial de Coronel, cont\u00f3 con la participaci\u00f3n del Gobernador Regional, Rodrigo D\u00edaz, el director regional de Senapred, Alejandro Sandoval, el director interino de Conaf, &hellip;<\/p>\n","protected":false},"author":1,"featured_media":2173,"comment_status":"closed","ping_status":"closed","sticky":false,"template":"","format":"standard","meta":{"footnotes":""},"categories":[16],"tags":[],"class_list":["post-2172","post","type-post","status-publish","format-standard","has-post-thumbnail","hentry","category-actualidad"],"_links":{"self":[{"href":"https:\/\/buensonido.cl\/index.php?rest_route=\/wp\/v2\/posts\/2172","targetHints":{"allow":["GET"]}}],"collection":[{"href":"https:\/\/buensonido.cl\/index.php?rest_route=\/wp\/v2\/posts"}],"about":[{"href":"https:\/\/buensonido.cl\/index.php?rest_route=\/wp\/v2\/types\/post"}],"author":[{"embeddable":true,"href":"https:\/\/buensonido.cl\/index.php?rest_route=\/wp\/v2\/users\/1"}],"replies":[{"embeddable":true,"href":"https:\/\/buensonido.cl\/index.php?rest_route=%2Fwp%2Fv2%2Fcomments&post=2172"}],"version-history":[{"count":0,"href":"https:\/\/buensonido.cl\/index.php?rest_route=\/wp\/v2\/posts\/2172\/revisions"}],"wp:featuredmedia":[{"embeddable":true,"href":"https:\/\/buensonido.cl\/index.php?rest_route=\/wp\/v2\/media\/2173"}],"wp:attachment":[{"href":"https:\/\/buensonido.cl\/index.php?rest_route=%2Fwp%2Fv2%2Fmedia&parent=2172"}],"wp:term":[{"taxonomy":"category","embeddable":true,"href":"https:\/\/buensonido.cl\/index.php?rest_route=%2Fwp%2Fv2%2Fcategories&post=2172"},{"taxonomy":"post_tag","embeddable":true,"href":"https:\/\/buensonido.cl\/index.php?rest_route=%2Fwp%2Fv2%2Ftags&post=2172"}],"curies":[{"name":"wp","href":"https:\/\/api.w.org\/{rel}","templated":true}]}}