{"id":2162,"date":"2024-12-02T13:06:13","date_gmt":"2024-12-02T16:06:13","guid":{"rendered":"https:\/\/buensonido.cl\/?p=2162"},"modified":"2024-12-02T13:06:13","modified_gmt":"2024-12-02T16:06:13","slug":"conmemoran-el-dia-mundial-del-sida-con-campana-dirigida-a-jovenes","status":"publish","type":"post","link":"https:\/\/buensonido.cl\/?p=2162","title":{"rendered":"CONMEMORAN EL D\u00cdA MUNDIAL DEL SIDA CON CAMPA\u00d1A DIRIGIDA A J\u00d3VENES"},"content":{"rendered":"\n<p>En la Universidad de Concepci\u00f3n, la SEREMI de Salud del Biob\u00edo en alianza con la Fundaci\u00f3n Sexual Ahora, conmemoraron el D\u00eda Mundial del SIDA,\u00a0 con el fin de sensibilizar e informar a la poblaci\u00f3n acerca del alcance de esta enfermedad, m\u00e9todos de detecci\u00f3n y\u00a0 acceso a tratamiento.<\/p>\n\n\n\n<p>La estrategia contempl\u00f3 la difusi\u00f3n de gr\u00e1ficas preventivas digitales de ITS y VIH\/SIDA para la comunidad universitaria, las que fueron expuestas a trav\u00e9s de un cami\u00f3n led, que fue recorriendo distintos puntos la ciudad penquista, considerando principalmente los sectores donde se encuentran ubicadas las distintas casas de estudios superiores;&nbsp; U. de las Am\u00e9ricas; San Sebasti\u00e1n; Cat\u00f3lica de la Sant\u00edsima Concepci\u00f3n; T\u00e9cnico Federico Santa Mar\u00eda; Andr\u00e9s Bello; del Biob\u00edo; AIEP e INACAP.<\/p>\n\n\n\n<p>Durante la jornada, se entreg\u00f3 a los j\u00f3venes kits de autotest de VIH\/SIDA, cuyo objetivo &nbsp;es facilitar el acceso a la detecci\u00f3n de manera confidencial y r\u00e1pida; adem\u00e1s de entrega de preservativos femeninos y masculinos para facilitar en los j\u00f3venes la detecci\u00f3n precoz y acceso a tratamiento antirretroviral (TAR).<\/p>\n\n\n\n<p><em>\u201cLa entrega de test r\u00e1pidos de VIH y entrega de kits de autotest, en este tipo de actividades, tiene como objetivo disminuir la transmisi\u00f3n del virus e infecciones de transmisi\u00f3n sexual de los j\u00f3venes. Es muy importante seguir implementado estrategias de testeo, prevenci\u00f3n y promoci\u00f3n del sexo seguro en adolescentes y j\u00f3venes; adem\u00e1s de dar a conocer el uso de preservativos, para facilitar el acceso a un diagn\u00f3stico precoz<\/em>\u201d, se\u00f1al\u00f3 el Seremi de Salud del Biob\u00edo, Dr. Eduardo Barra Jofr\u00e9.<\/p>\n\n\n\n<p>Julio Barr\u00edas, Coordinador Regional de Fundaci\u00f3n Sexual Ahora, indic\u00f3 que, \u201c<em>Esta actividad que estamos realizando hoy, tiene un rol fundamental, que es abarcar un p\u00fablico objetivo que son los universitarios. El cami\u00f3n led que muestra publicidad de preservativos internos y externos, comienza su recorrido en la UdeC, para luego dirigirnos a distintas universidades de la comuna, con el objetivo de entregar informaci\u00f3n a los j\u00f3venes sobre la prevenci\u00f3n del VIH\u201d.<\/em><\/p>\n\n\n\n<p><em>Cecilia P\u00e9rez D\u00edaz, Directora de Servicios Estudiantiles de la UdeC, se\u00f1al\u00f3 que, &nbsp;\u201cEste tipo de actos p\u00fablicos y visibles son muy importantes, para trabajar en la prevenci\u00f3n juvenil del VIH, debido a que es una poblaci\u00f3n activa y demandante de estos servicios. La difusi\u00f3n del uso de preservativos, tanto externos como internos es primordial para todos los estudiantes\u201d.<\/em><\/p>\n\n\n\n<p>De acuerdo al \u00faltimo informe mundial presentado por ONU\/SIDA se estima que en nuestro pa\u00eds, hasta fines de 2023 el 97% de las personas con VIH conoce su diagn\u00f3stico, y el 94% de quienes reciben tratamiento obtienen carga viral indetectable.<\/p>\n\n\n\n<figure class=\"wp-block-image size-large\"><img decoding=\"async\" src=\"https:\/\/buensonido.cl\/wp-content\/uploads\/2024\/12\/Imagen-de-WhatsApp-2024-12-02-a-las-13.02.42_69e9f2a2-1024x682.jpg\" alt=\"\" class=\"wp-image-2163\"\/><\/figure>\n\n\n\n<p><strong>SITUACI\u00d3N DE VIH EN LA REGI\u00d3N&nbsp;<\/strong><\/p>\n\n\n\n<p>En la regi\u00f3n del Biob\u00edo, de acuerdo a informaci\u00f3n preliminar extra\u00edda del Bolet\u00edn de Enfermedades de Notificaci\u00f3n Obligatorias de la SEREMI de Salud, durante el a\u00f1o 2022 se reportaron 259 casos con una tasa de mortalidad de 15,5 casos por cada 100 mil habitantes. Mientras que el a\u00f1o 2023, se registr\u00f3 un 9,6% menos, report\u00e1ndose 234 casos con una tasa de mortalidad de 13,9 casos por &nbsp;cada100 mil habitantes.<\/p>\n\n\n\n<p>De acuerdo con las cifras entregadas por los Centros de Atenci\u00f3n a Personas Viviendo con VIH en la regi\u00f3n, que comprende al primer semestre de este a\u00f1o, se registr\u00f3 un total de 3.115 personas bajo Tratamiento de Terapia Retroviral (TAR), de las cuales 1.702 se atienen en el Servicio Salud Concepci\u00f3n; 758 en el S.S. Talcahuano; 497 en el S.S. Biob\u00edo y&nbsp; 158 en S.S. Arauco.<\/p>\n\n\n\n<figure class=\"wp-block-table\"><table class=\"has-fixed-layout\"><tbody><tr><td>&nbsp;<\/td><td colspan=\"2\"><strong>S.S Arauco<\/strong><strong><\/strong><\/td><td colspan=\"2\"><strong>S.S Biob\u00edo<\/strong><strong><\/strong><\/td><td colspan=\"2\"><strong>S.S Concepci\u00f3n<\/strong><strong><\/strong><\/td><td colspan=\"2\"><strong>S.S Talcahuano<\/strong><strong><\/strong><\/td><td colspan=\"2\"><strong>Total<\/strong><strong><\/strong><\/td><td rowspan=\"2\"><strong>Total<\/strong><\/td><\/tr><tr><td>&nbsp;<\/td><td><strong>hombre<\/strong><strong><\/strong><\/td><td><strong>mujer<\/strong><strong><\/strong><\/td><td><strong>hombre<\/strong><strong><\/strong><\/td><td><strong>mujer<\/strong><strong><\/strong><\/td><td><strong>Hombre<\/strong><strong><\/strong><\/td><td><strong>mujer<\/strong><strong><\/strong><\/td><td><strong>hombre<\/strong><strong><\/strong><\/td><td><strong>mujer<\/strong><strong><\/strong><\/td><td><strong>hombre<\/strong><strong><\/strong><\/td><td><strong>mujer<\/strong><strong><\/strong><\/td><\/tr><tr><td>N\u00famero de personas&nbsp; bajo control activo en TAR<\/td><td>117<\/td><td>41<\/td><td>409<\/td><td>88<\/td><td>1502<\/td><td>200<\/td><td>648<\/td><td>110<\/td><td><strong>2676<\/strong><\/td><td><strong>439<\/strong><\/td><td><strong>3115<\/strong><\/td><\/tr><tr><td>N\u00famero de personas&nbsp; bajo control activo sin TAR<\/td><td>0<\/td><td>0<\/td><td>8<\/td><td>0<\/td><td>1<\/td><td>1<\/td><td>3<\/td><td>1<\/td><td><strong>12<\/strong><\/td><td><strong>2<\/strong><\/td><td><strong>14<\/strong><\/td><\/tr><tr><td><strong>TOTAL<\/strong><strong><\/strong><\/td><td><strong>117<\/strong><strong><\/strong><\/td><td><strong>41<\/strong><strong><\/strong><\/td><td><strong>417<\/strong><strong><\/strong><\/td><td><strong>88<\/strong><strong><\/strong><\/td><td><strong>1503<\/strong><strong><\/strong><\/td><td><strong>201<\/strong><strong><\/strong><\/td><td><strong>651<\/strong><strong><\/strong><\/td><td><strong>111<\/strong><strong><\/strong><\/td><td><strong>2688<\/strong><strong><\/strong><\/td><td><strong>441<\/strong><strong><\/strong><\/td><td><strong>3129<\/strong><strong><\/strong><\/td><\/tr><\/tbody><\/table><\/figure>\n\n\n\n<p><em>\u201cEs importante destacar, que un 99,6% de las personas con VIH\/SIDA <\/em><em>se encuentran bajo control activo en la red p\u00fablica de salud, recibiendo terapia antirretroviral de manera gratuita\u201d,<\/em> destac\u00f3 el Seremi.<\/p>\n\n\n\n<p>El 0,4% restante corresponden a 14 personas, que no se han adherido a tratamiento, debido a que corresponde una decisi\u00f3n de car\u00e1cter individual.<\/p>\n\n\n\n<p><strong>Estado de avance de Test R\u00e1pidos de VIH<\/strong><\/p>\n\n\n\n<p>En la regi\u00f3n del Biob\u00edo, desde enero a julio de 2024, se tomaron 10.716 test r\u00e1pidos, seg\u00fan registros de la Plataforma Sistema \u00danico de Registro SURVIH. De los cuales, 4.488 corresponden a la provincia de Concepci\u00f3n; 4.170 a Arauco y 2.058 a Biob\u00edo.<\/p>\n\n\n\n<figure class=\"wp-block-table\"><table class=\"has-fixed-layout\"><tbody><tr><td><strong>Provincia<\/strong><\/td><td><strong>Test R\u00e1pido Visual Enero-Julio 2024<\/strong><\/td><\/tr><tr><td>Concepci\u00f3n<\/td><td>4.488<\/td><\/tr><tr><td>Biob\u00edo<\/td><td>2.058<\/td><\/tr><tr><td>Arauco<\/td><td>4.170<\/td><\/tr><tr><td><strong>Total<\/strong><\/td><td><strong>10.716<\/strong><\/td><\/tr><\/tbody><\/table><\/figure>\n\n\n\n<figure class=\"wp-block-image size-large\"><img decoding=\"async\" src=\"https:\/\/buensonido.cl\/wp-content\/uploads\/2024\/12\/Imagen-de-WhatsApp-2024-12-02-a-las-13.02.42_2cc4caa4-1024x682.jpg\" alt=\"\" class=\"wp-image-2164\"\/><\/figure>\n","protected":false},"excerpt":{"rendered":"<p>En la Universidad de Concepci\u00f3n, la SEREMI de Salud del Biob\u00edo en alianza con la Fundaci\u00f3n Sexual Ahora, conmemoraron el D\u00eda Mundial del SIDA,\u00a0 con el fin de sensibilizar e informar a la poblaci\u00f3n acerca del alcance de esta enfermedad, m\u00e9todos de detecci\u00f3n y\u00a0 acceso a tratamiento. La estrategia contempl\u00f3 la difusi\u00f3n de gr\u00e1ficas preventivas &hellip;<\/p>\n","protected":false},"author":1,"featured_media":2164,"comment_status":"closed","ping_status":"closed","sticky":false,"template":"","format":"standard","meta":{"footnotes":""},"categories":[16],"tags":[],"class_list":["post-2162","post","type-post","status-publish","format-standard","has-post-thumbnail","hentry","category-actualidad"],"_links":{"self":[{"href":"https:\/\/buensonido.cl\/index.php?rest_route=\/wp\/v2\/posts\/2162","targetHints":{"allow":["GET"]}}],"collection":[{"href":"https:\/\/buensonido.cl\/index.php?rest_route=\/wp\/v2\/posts"}],"about":[{"href":"https:\/\/buensonido.cl\/index.php?rest_route=\/wp\/v2\/types\/post"}],"author":[{"embeddable":true,"href":"https:\/\/buensonido.cl\/index.php?rest_route=\/wp\/v2\/users\/1"}],"replies":[{"embeddable":true,"href":"https:\/\/buensonido.cl\/index.php?rest_route=%2Fwp%2Fv2%2Fcomments&post=2162"}],"version-history":[{"count":0,"href":"https:\/\/buensonido.cl\/index.php?rest_route=\/wp\/v2\/posts\/2162\/revisions"}],"wp:featuredmedia":[{"embeddable":true,"href":"https:\/\/buensonido.cl\/index.php?rest_route=\/wp\/v2\/media\/2164"}],"wp:attachment":[{"href":"https:\/\/buensonido.cl\/index.php?rest_route=%2Fwp%2Fv2%2Fmedia&parent=2162"}],"wp:term":[{"taxonomy":"category","embeddable":true,"href":"https:\/\/buensonido.cl\/index.php?rest_route=%2Fwp%2Fv2%2Fcategories&post=2162"},{"taxonomy":"post_tag","embeddable":true,"href":"https:\/\/buensonido.cl\/index.php?rest_route=%2Fwp%2Fv2%2Ftags&post=2162"}],"curies":[{"name":"wp","href":"https:\/\/api.w.org\/{rel}","templated":true}]}}